{"id":24571,"date":"2025-05-06T18:34:57","date_gmt":"2025-05-06T16:34:57","guid":{"rendered":"https:\/\/peracell.com\/2025\/05\/06\/peracell-celebra-15-anys\/"},"modified":"2026-01-03T14:01:25","modified_gmt":"2026-01-03T13:01:25","slug":"peracell-celebra-15-anys","status":"publish","type":"post","link":"https:\/\/peracell.com\/ca\/peracell-celebra-15-anys\/","title":{"rendered":"Peracell celebra 15 anys:"},"content":{"rendered":"\t\t<div data-elementor-type=\"wp-post\" data-elementor-id=\"24571\" class=\"elementor elementor-24571 elementor-288\" data-elementor-post-type=\"post\">\n\t\t\t\t<div class=\"elementor-element elementor-element-1136ac5 e-con-full e-flex e-con e-parent\" data-id=\"1136ac5\" data-element_type=\"container\" data-e-type=\"container\">\n\t\t<div class=\"elementor-element elementor-element-45ec881 e-con-full e-flex e-con e-child\" data-id=\"45ec881\" data-element_type=\"container\" data-e-type=\"container\">\n\t\t\t\t<div class=\"elementor-element elementor-element-9dd1659 elementor-widget elementor-widget-the7-heading\" data-id=\"9dd1659\" data-element_type=\"widget\" data-e-type=\"widget\" data-widget_type=\"the7-heading.default\">\n\t\t\t\t<div class=\"elementor-widget-container\">\n\t\t\t\t\t<h3 class=\"the7-heading-title elementor-size-default\">Peracell celebra 15 anys: nova imatge i web<\/h3>\t\t\t\t<\/div>\n\t\t\t\t<\/div>\n\t\t\t\t<div class=\"elementor-element elementor-element-c4c3ee3 elementor-widget elementor-widget-text-editor\" data-id=\"c4c3ee3\" data-element_type=\"widget\" data-e-type=\"widget\" data-widget_type=\"text-editor.default\">\n\t\t\t\t\t\t\t\t\t<p>Aquest any Peracell compleix 15 anys com a prove\u00efdor de materials t\u00e8cnics per a la ind\u00fastria i la construcci\u00f3, incloent-hi escumes de polietil\u00e8 i PVC, materials aglomerats, cautx\u00fas cel\u00b7lulars, fibres t\u00e8xtils i cintes adhesives.<\/p><p>Per celebrar aquest aniversari, hem renovat el nostre logotip i hem estrenat un nou web, amb continguts actualitzats que reflecteixen la nostra experi\u00e8ncia i les nostres solucions t\u00e8cniques.<\/p><p>Durant aquests 15 anys, Peracell ha ofert materials fiables, innovadors i competitius com ara:<\/p><ul><li><strong>Escumes t\u00e8cniques de polietil\u00e8 i poliuret\u00e0<\/strong><\/li><li><strong>Bases el\u00e0stiques i pads amortidors<\/strong><\/li><li><strong>Solucions ac\u00fastiques i t\u00e8rmiques<\/strong><\/li><li><strong>Aglomerats de diferents materials<\/strong><\/li><li><strong>Cintes adhesives i cautx\u00fas cel\u00b7lulars<\/strong><\/li><\/ul><p>Amb aquesta nova etapa, continuem compromesos amb la qualitat, la innovaci\u00f3 i el suport t\u00e8cnic, refor\u00e7ant la nostra pres\u00e8ncia en l\u00ednia i facilitant l\u2019acc\u00e9s a informaci\u00f3 t\u00e8cnica i comercial de tots els nostres productes, mantenint-nos al dia dels nous materials que van apareixent al mercat.<\/p>\t\t\t\t\t\t\t\t<\/div>\n\t\t\t\t<div class=\"elementor-element elementor-element-b260c97 content-align-left the7-hover-visibility-disabled preserve-img-ratio-cover transform-overlay-yes exceeding-frame-yes elementor-widget elementor-widget-the7-image-widget\" data-id=\"b260c97\" data-element_type=\"widget\" data-e-type=\"widget\" data-settings=\"{&quot;hover_visibility&quot;:&quot;disabled&quot;}\" data-widget_type=\"the7-image-widget.default\">\n\t\t\t\t<div class=\"elementor-widget-container\">\n\t\t\t\t\t<div class=\"the7-image-container\"><div class=\"the7-image-wrapper the7-elementor-widget the7-transform-container\"><div class=\"post-thumbnail-rollover layzr-bg img-css-resize-wrapper\"><img fetchpriority=\"high\" decoding=\"async\" width=\"2400\" height=\"1600\" src=\"data:image\/svg+xml,%3Csvg%20xmlns%3D&#039;http%3A%2F%2Fwww.w3.org%2F2000%2Fsvg&#039;%20viewBox%3D&#039;0%200%202400%201600&#039;%2F%3E\" class=\"attachment-full size-full preload-me aspect lazy lazy-load\" alt=\"\" sizes=\"(max-width: 2400px) 100vw, 2400px\" style=\"--ratio: 2400 \/ 1600;\" data-src=\"https:\/\/peracell.com\/wp-content\/uploads\/2025\/05\/espuma-acustica-2.png\" loading=\"eager\" data-srcset=\"https:\/\/peracell.com\/wp-content\/uploads\/2025\/05\/espuma-acustica-2.png 2400w, https:\/\/peracell.com\/wp-content\/uploads\/2025\/05\/espuma-acustica-2-300x200.png 300w, https:\/\/peracell.com\/wp-content\/uploads\/2025\/05\/espuma-acustica-2-1024x683.png 1024w, https:\/\/peracell.com\/wp-content\/uploads\/2025\/05\/espuma-acustica-2-768x512.png 768w, https:\/\/peracell.com\/wp-content\/uploads\/2025\/05\/espuma-acustica-2-1536x1024.png 1536w, https:\/\/peracell.com\/wp-content\/uploads\/2025\/05\/espuma-acustica-2-2048x1365.png 2048w\" \/><\/div><\/div><\/div>\t\t\t\t<\/div>\n\t\t\t\t<\/div>\n\t\t\t\t<\/div>\n\t\t\t\t<\/div>\n\t\t\t\t<\/div>\n\t\t","protected":false},"excerpt":{"rendered":"<p>nova imatge i web<\/p>\n","protected":false},"author":1,"featured_media":24411,"comment_status":"open","ping_status":"open","sticky":false,"template":"","format":"standard","meta":{"footnotes":""},"categories":[],"tags":[],"class_list":["post-24571","post","type-post","status-publish","format-standard","has-post-thumbnail","hentry"],"yoast_head":"<!-- This site is optimized with the Yoast SEO plugin v26.9 - https:\/\/yoast.com\/product\/yoast-seo-wordpress\/ -->\n<title>Peracell celebra 15 anys: - Peracell<\/title>\n<meta name=\"robots\" content=\"index, follow, max-snippet:-1, max-image-preview:large, max-video-preview:-1\" \/>\n<link rel=\"canonical\" href=\"https:\/\/peracell.com\/tempor-incididunt-ut-labore-et-dolore-magna-aliqua\/\" \/>\n<meta property=\"og:locale\" content=\"ca_ES\" \/>\n<meta property=\"og:type\" content=\"article\" \/>\n<meta property=\"og:title\" content=\"Peracell celebra 15 anys: - Peracell\" \/>\n<meta property=\"og:description\" content=\"nova imatge i web\" \/>\n<meta property=\"og:url\" content=\"https:\/\/peracell.com\/tempor-incididunt-ut-labore-et-dolore-magna-aliqua\/\" \/>\n<meta property=\"og:site_name\" content=\"Peracell\" \/>\n<meta property=\"article:published_time\" content=\"2025-05-06T16:34:57+00:00\" \/>\n<meta property=\"article:modified_time\" content=\"2026-01-03T13:01:25+00:00\" \/>\n<meta property=\"og:image\" content=\"https:\/\/peracell.com\/wp-content\/uploads\/2025\/05\/industria-espuma.png\" \/>\n\t<meta property=\"og:image:width\" content=\"2400\" \/>\n\t<meta property=\"og:image:height\" content=\"1600\" \/>\n\t<meta property=\"og:image:type\" content=\"image\/png\" \/>\n<meta name=\"author\" content=\"Avantiam\" \/>\n<meta name=\"twitter:card\" content=\"summary_large_image\" \/>\n<meta name=\"twitter:label1\" content=\"Escrit per\" \/>\n\t<meta name=\"twitter:data1\" content=\"Avantiam\" \/>\n\t<meta name=\"twitter:label2\" content=\"Temps estimat de lectura\" \/>\n\t<meta name=\"twitter:data2\" content=\"1 minut\" \/>\n<script type=\"application\/ld+json\" class=\"yoast-schema-graph\">{\"@context\":\"https:\/\/schema.org\",\"@graph\":[{\"@type\":\"Article\",\"@id\":\"https:\/\/peracell.com\/tempor-incididunt-ut-labore-et-dolore-magna-aliqua\/#article\",\"isPartOf\":{\"@id\":\"https:\/\/peracell.com\/tempor-incididunt-ut-labore-et-dolore-magna-aliqua\/\"},\"author\":{\"name\":\"Avantiam\",\"@id\":\"https:\/\/peracell.com\/#\/schema\/person\/ecbc91b01793d1b2b2319a8781fec8e9\"},\"headline\":\"Peracell celebra 15 anys:\",\"datePublished\":\"2025-05-06T16:34:57+00:00\",\"dateModified\":\"2026-01-03T13:01:25+00:00\",\"mainEntityOfPage\":{\"@id\":\"https:\/\/peracell.com\/tempor-incididunt-ut-labore-et-dolore-magna-aliqua\/\"},\"wordCount\":174,\"commentCount\":0,\"publisher\":{\"@id\":\"https:\/\/peracell.com\/#organization\"},\"image\":{\"@id\":\"https:\/\/peracell.com\/tempor-incididunt-ut-labore-et-dolore-magna-aliqua\/#primaryimage\"},\"thumbnailUrl\":\"https:\/\/peracell.com\/wp-content\/uploads\/2025\/05\/industria-espuma.png\",\"inLanguage\":\"ca\",\"potentialAction\":[{\"@type\":\"CommentAction\",\"name\":\"Comment\",\"target\":[\"https:\/\/peracell.com\/tempor-incididunt-ut-labore-et-dolore-magna-aliqua\/#respond\"]}]},{\"@type\":\"WebPage\",\"@id\":\"https:\/\/peracell.com\/tempor-incididunt-ut-labore-et-dolore-magna-aliqua\/\",\"url\":\"https:\/\/peracell.com\/tempor-incididunt-ut-labore-et-dolore-magna-aliqua\/\",\"name\":\"Peracell celebra 15 anys: - Peracell\",\"isPartOf\":{\"@id\":\"https:\/\/peracell.com\/#website\"},\"primaryImageOfPage\":{\"@id\":\"https:\/\/peracell.com\/tempor-incididunt-ut-labore-et-dolore-magna-aliqua\/#primaryimage\"},\"image\":{\"@id\":\"https:\/\/peracell.com\/tempor-incididunt-ut-labore-et-dolore-magna-aliqua\/#primaryimage\"},\"thumbnailUrl\":\"https:\/\/peracell.com\/wp-content\/uploads\/2025\/05\/industria-espuma.png\",\"datePublished\":\"2025-05-06T16:34:57+00:00\",\"dateModified\":\"2026-01-03T13:01:25+00:00\",\"breadcrumb\":{\"@id\":\"https:\/\/peracell.com\/tempor-incididunt-ut-labore-et-dolore-magna-aliqua\/#breadcrumb\"},\"inLanguage\":\"ca\",\"potentialAction\":[{\"@type\":\"ReadAction\",\"target\":[\"https:\/\/peracell.com\/tempor-incididunt-ut-labore-et-dolore-magna-aliqua\/\"]}]},{\"@type\":\"ImageObject\",\"inLanguage\":\"ca\",\"@id\":\"https:\/\/peracell.com\/tempor-incididunt-ut-labore-et-dolore-magna-aliqua\/#primaryimage\",\"url\":\"https:\/\/peracell.com\/wp-content\/uploads\/2025\/05\/industria-espuma.png\",\"contentUrl\":\"https:\/\/peracell.com\/wp-content\/uploads\/2025\/05\/industria-espuma.png\",\"width\":2400,\"height\":1600},{\"@type\":\"BreadcrumbList\",\"@id\":\"https:\/\/peracell.com\/tempor-incididunt-ut-labore-et-dolore-magna-aliqua\/#breadcrumb\",\"itemListElement\":[{\"@type\":\"ListItem\",\"position\":1,\"name\":\"Portada\",\"item\":\"https:\/\/peracell.com\/\"},{\"@type\":\"ListItem\",\"position\":2,\"name\":\"Peracell celebra 15 anys:\"}]},{\"@type\":\"WebSite\",\"@id\":\"https:\/\/peracell.com\/#website\",\"url\":\"https:\/\/peracell.com\/\",\"name\":\"Peracell\",\"description\":\"Foam solutions and Adhesive tapes\",\"publisher\":{\"@id\":\"https:\/\/peracell.com\/#organization\"},\"potentialAction\":[{\"@type\":\"SearchAction\",\"target\":{\"@type\":\"EntryPoint\",\"urlTemplate\":\"https:\/\/peracell.com\/?s={search_term_string}\"},\"query-input\":{\"@type\":\"PropertyValueSpecification\",\"valueRequired\":true,\"valueName\":\"search_term_string\"}}],\"inLanguage\":\"ca\"},{\"@type\":\"Organization\",\"@id\":\"https:\/\/peracell.com\/#organization\",\"name\":\"Peracell\",\"url\":\"https:\/\/peracell.com\/\",\"logo\":{\"@type\":\"ImageObject\",\"inLanguage\":\"ca\",\"@id\":\"https:\/\/peracell.com\/#\/schema\/logo\/image\/\",\"url\":\"https:\/\/peracell.com\/wp-content\/uploads\/2025\/09\/isotip-peracell.png\",\"contentUrl\":\"https:\/\/peracell.com\/wp-content\/uploads\/2025\/09\/isotip-peracell.png\",\"width\":143,\"height\":143,\"caption\":\"Peracell\"},\"image\":{\"@id\":\"https:\/\/peracell.com\/#\/schema\/logo\/image\/\"}},{\"@type\":\"Person\",\"@id\":\"https:\/\/peracell.com\/#\/schema\/person\/ecbc91b01793d1b2b2319a8781fec8e9\",\"name\":\"Avantiam\",\"image\":{\"@type\":\"ImageObject\",\"inLanguage\":\"ca\",\"@id\":\"https:\/\/peracell.com\/#\/schema\/person\/image\/\",\"url\":\"https:\/\/peracell.com\/wp-content\/litespeed\/avatar\/72fb663c5e54b3be5e76eaaf25b26788.jpg?ver=1787922576\",\"contentUrl\":\"https:\/\/peracell.com\/wp-content\/litespeed\/avatar\/72fb663c5e54b3be5e76eaaf25b26788.jpg?ver=1787922576\",\"caption\":\"Avantiam\"},\"sameAs\":[\"https:\/\/peracell.com\/\"],\"url\":\"https:\/\/peracell.com\/ca\/author\/avantiam\/\"}]}<\/script>\n<!-- \/ Yoast SEO plugin. -->","yoast_head_json":{"title":"Peracell celebra 15 anys: - Peracell","robots":{"index":"index","follow":"follow","max-snippet":"max-snippet:-1","max-image-preview":"max-image-preview:large","max-video-preview":"max-video-preview:-1"},"canonical":"https:\/\/peracell.com\/tempor-incididunt-ut-labore-et-dolore-magna-aliqua\/","og_locale":"ca_ES","og_type":"article","og_title":"Peracell celebra 15 anys: - Peracell","og_description":"nova imatge i web","og_url":"https:\/\/peracell.com\/tempor-incididunt-ut-labore-et-dolore-magna-aliqua\/","og_site_name":"Peracell","article_published_time":"2025-05-06T16:34:57+00:00","article_modified_time":"2026-01-03T13:01:25+00:00","og_image":[{"width":2400,"height":1600,"url":"https:\/\/peracell.com\/wp-content\/uploads\/2025\/05\/industria-espuma.png","type":"image\/png"}],"author":"Avantiam","twitter_card":"summary_large_image","twitter_misc":{"Escrit per":"Avantiam","Temps estimat de lectura":"1 minut"},"schema":{"@context":"https:\/\/schema.org","@graph":[{"@type":"Article","@id":"https:\/\/peracell.com\/tempor-incididunt-ut-labore-et-dolore-magna-aliqua\/#article","isPartOf":{"@id":"https:\/\/peracell.com\/tempor-incididunt-ut-labore-et-dolore-magna-aliqua\/"},"author":{"name":"Avantiam","@id":"https:\/\/peracell.com\/#\/schema\/person\/ecbc91b01793d1b2b2319a8781fec8e9"},"headline":"Peracell celebra 15 anys:","datePublished":"2025-05-06T16:34:57+00:00","dateModified":"2026-01-03T13:01:25+00:00","mainEntityOfPage":{"@id":"https:\/\/peracell.com\/tempor-incididunt-ut-labore-et-dolore-magna-aliqua\/"},"wordCount":174,"commentCount":0,"publisher":{"@id":"https:\/\/peracell.com\/#organization"},"image":{"@id":"https:\/\/peracell.com\/tempor-incididunt-ut-labore-et-dolore-magna-aliqua\/#primaryimage"},"thumbnailUrl":"https:\/\/peracell.com\/wp-content\/uploads\/2025\/05\/industria-espuma.png","inLanguage":"ca","potentialAction":[{"@type":"CommentAction","name":"Comment","target":["https:\/\/peracell.com\/tempor-incididunt-ut-labore-et-dolore-magna-aliqua\/#respond"]}]},{"@type":"WebPage","@id":"https:\/\/peracell.com\/tempor-incididunt-ut-labore-et-dolore-magna-aliqua\/","url":"https:\/\/peracell.com\/tempor-incididunt-ut-labore-et-dolore-magna-aliqua\/","name":"Peracell celebra 15 anys: - Peracell","isPartOf":{"@id":"https:\/\/peracell.com\/#website"},"primaryImageOfPage":{"@id":"https:\/\/peracell.com\/tempor-incididunt-ut-labore-et-dolore-magna-aliqua\/#primaryimage"},"image":{"@id":"https:\/\/peracell.com\/tempor-incididunt-ut-labore-et-dolore-magna-aliqua\/#primaryimage"},"thumbnailUrl":"https:\/\/peracell.com\/wp-content\/uploads\/2025\/05\/industria-espuma.png","datePublished":"2025-05-06T16:34:57+00:00","dateModified":"2026-01-03T13:01:25+00:00","breadcrumb":{"@id":"https:\/\/peracell.com\/tempor-incididunt-ut-labore-et-dolore-magna-aliqua\/#breadcrumb"},"inLanguage":"ca","potentialAction":[{"@type":"ReadAction","target":["https:\/\/peracell.com\/tempor-incididunt-ut-labore-et-dolore-magna-aliqua\/"]}]},{"@type":"ImageObject","inLanguage":"ca","@id":"https:\/\/peracell.com\/tempor-incididunt-ut-labore-et-dolore-magna-aliqua\/#primaryimage","url":"https:\/\/peracell.com\/wp-content\/uploads\/2025\/05\/industria-espuma.png","contentUrl":"https:\/\/peracell.com\/wp-content\/uploads\/2025\/05\/industria-espuma.png","width":2400,"height":1600},{"@type":"BreadcrumbList","@id":"https:\/\/peracell.com\/tempor-incididunt-ut-labore-et-dolore-magna-aliqua\/#breadcrumb","itemListElement":[{"@type":"ListItem","position":1,"name":"Portada","item":"https:\/\/peracell.com\/"},{"@type":"ListItem","position":2,"name":"Peracell celebra 15 anys:"}]},{"@type":"WebSite","@id":"https:\/\/peracell.com\/#website","url":"https:\/\/peracell.com\/","name":"Peracell","description":"Foam solutions and Adhesive tapes","publisher":{"@id":"https:\/\/peracell.com\/#organization"},"potentialAction":[{"@type":"SearchAction","target":{"@type":"EntryPoint","urlTemplate":"https:\/\/peracell.com\/?s={search_term_string}"},"query-input":{"@type":"PropertyValueSpecification","valueRequired":true,"valueName":"search_term_string"}}],"inLanguage":"ca"},{"@type":"Organization","@id":"https:\/\/peracell.com\/#organization","name":"Peracell","url":"https:\/\/peracell.com\/","logo":{"@type":"ImageObject","inLanguage":"ca","@id":"https:\/\/peracell.com\/#\/schema\/logo\/image\/","url":"https:\/\/peracell.com\/wp-content\/uploads\/2025\/09\/isotip-peracell.png","contentUrl":"https:\/\/peracell.com\/wp-content\/uploads\/2025\/09\/isotip-peracell.png","width":143,"height":143,"caption":"Peracell"},"image":{"@id":"https:\/\/peracell.com\/#\/schema\/logo\/image\/"}},{"@type":"Person","@id":"https:\/\/peracell.com\/#\/schema\/person\/ecbc91b01793d1b2b2319a8781fec8e9","name":"Avantiam","image":{"@type":"ImageObject","inLanguage":"ca","@id":"https:\/\/peracell.com\/#\/schema\/person\/image\/","url":"https:\/\/peracell.com\/wp-content\/litespeed\/avatar\/72fb663c5e54b3be5e76eaaf25b26788.jpg?ver=1787922576","contentUrl":"https:\/\/peracell.com\/wp-content\/litespeed\/avatar\/72fb663c5e54b3be5e76eaaf25b26788.jpg?ver=1787922576","caption":"Avantiam"},"sameAs":["https:\/\/peracell.com\/"],"url":"https:\/\/peracell.com\/ca\/author\/avantiam\/"}]}},"_links":{"self":[{"href":"https:\/\/peracell.com\/ca\/wp-json\/wp\/v2\/posts\/24571","targetHints":{"allow":["GET"]}}],"collection":[{"href":"https:\/\/peracell.com\/ca\/wp-json\/wp\/v2\/posts"}],"about":[{"href":"https:\/\/peracell.com\/ca\/wp-json\/wp\/v2\/types\/post"}],"author":[{"embeddable":true,"href":"https:\/\/peracell.com\/ca\/wp-json\/wp\/v2\/users\/1"}],"replies":[{"embeddable":true,"href":"https:\/\/peracell.com\/ca\/wp-json\/wp\/v2\/comments?post=24571"}],"version-history":[{"count":1,"href":"https:\/\/peracell.com\/ca\/wp-json\/wp\/v2\/posts\/24571\/revisions"}],"predecessor-version":[{"id":24572,"href":"https:\/\/peracell.com\/ca\/wp-json\/wp\/v2\/posts\/24571\/revisions\/24572"}],"wp:featuredmedia":[{"embeddable":true,"href":"https:\/\/peracell.com\/ca\/wp-json\/wp\/v2\/media\/24411"}],"wp:attachment":[{"href":"https:\/\/peracell.com\/ca\/wp-json\/wp\/v2\/media?parent=24571"}],"wp:term":[{"taxonomy":"category","embeddable":true,"href":"https:\/\/peracell.com\/ca\/wp-json\/wp\/v2\/categories?post=24571"},{"taxonomy":"post_tag","embeddable":true,"href":"https:\/\/peracell.com\/ca\/wp-json\/wp\/v2\/tags?post=24571"}],"curies":[{"name":"wp","href":"https:\/\/api.w.org\/{rel}","templated":true}]}}