{"id":24573,"date":"2025-05-07T18:33:36","date_gmt":"2025-05-07T16:33:36","guid":{"rendered":"https:\/\/peracell.com\/2025\/05\/07\/aillament-acustic-amb-planxes-de-polietile\/"},"modified":"2026-01-03T14:07:49","modified_gmt":"2026-01-03T13:07:49","slug":"aillament-acustic-amb-planxes-de-polietile","status":"publish","type":"post","link":"https:\/\/peracell.com\/ca\/aillament-acustic-amb-planxes-de-polietile\/","title":{"rendered":"A\u00efllament ac\u00fastic amb planxes de polietil\u00e8"},"content":{"rendered":"\t\t<div data-elementor-type=\"wp-post\" data-elementor-id=\"24573\" class=\"elementor elementor-24573 elementor-286\" data-elementor-post-type=\"post\">\n\t\t\t\t<div class=\"elementor-element elementor-element-40371d9 e-con-full e-flex e-con e-parent\" data-id=\"40371d9\" data-element_type=\"container\" data-e-type=\"container\">\n\t\t<div class=\"elementor-element elementor-element-3dc7b00 e-con-full e-flex e-con e-child\" data-id=\"3dc7b00\" data-element_type=\"container\" data-e-type=\"container\">\n\t\t\t\t<div class=\"elementor-element elementor-element-1a29c1f elementor-widget elementor-widget-the7-heading\" data-id=\"1a29c1f\" data-element_type=\"widget\" data-e-type=\"widget\" data-widget_type=\"the7-heading.default\">\n\t\t\t\t<div class=\"elementor-widget-container\">\n\t\t\t\t\t<h3 class=\"the7-heading-title elementor-size-default\">A\u00efllament ac\u00fastic amb planxes de polietil\u00e8<\/h3>\t\t\t\t<\/div>\n\t\t\t\t<\/div>\n\t\t\t\t<div class=\"elementor-element elementor-element-8563cd4 elementor-widget elementor-widget-text-editor\" data-id=\"8563cd4\" data-element_type=\"widget\" data-e-type=\"widget\" data-widget_type=\"text-editor.default\">\n\t\t\t\t\t\t\t\t\t<p>La millora de l\u2019ac\u00fastica en grans espais \u00e9s clau per al confort dels usuaris. En aquest projecte, Peracell va participar en la millora ac\u00fastica d\u2019un pavell\u00f3 municipal mitjan\u00e7ant planxes d\u2019a\u00efllament ac\u00fastic de polietil\u00e8, una soluci\u00f3 t\u00e8cnica efica\u00e7, lleugera i especialment indicada per a grans volums.<\/p>\t\t\t\t\t\t\t\t<\/div>\n\t\t\t\t<div class=\"elementor-element elementor-element-85fbfdf content-align-left the7-hover-visibility-disabled preserve-img-ratio-cover transform-overlay-yes exceeding-frame-yes elementor-widget elementor-widget-the7-image-widget\" data-id=\"85fbfdf\" data-element_type=\"widget\" data-e-type=\"widget\" data-settings=\"{&quot;hover_visibility&quot;:&quot;disabled&quot;}\" data-widget_type=\"the7-image-widget.default\">\n\t\t\t\t<div class=\"elementor-widget-container\">\n\t\t\t\t\t<div class=\"the7-image-container\"><div class=\"the7-image-wrapper the7-elementor-widget the7-transform-container\"><div class=\"post-thumbnail-rollover layzr-bg img-css-resize-wrapper\"><img fetchpriority=\"high\" decoding=\"async\" width=\"1536\" height=\"1024\" src=\"data:image\/svg+xml,%3Csvg%20xmlns%3D&#039;http%3A%2F%2Fwww.w3.org%2F2000%2Fsvg&#039;%20viewBox%3D&#039;0%200%201536%201024&#039;%2F%3E\" class=\"attachment-full size-full preload-me aspect lazy lazy-load\" alt=\"aislamiento ac\u00fastico pabellon\" sizes=\"(max-width: 1536px) 100vw, 1536px\" style=\"--ratio: 1536 \/ 1024;\" data-src=\"https:\/\/peracell.com\/wp-content\/uploads\/2025\/05\/aislamientoacusticopabellon.png\" loading=\"eager\" data-srcset=\"https:\/\/peracell.com\/wp-content\/uploads\/2025\/05\/aislamientoacusticopabellon.png 1536w, https:\/\/peracell.com\/wp-content\/uploads\/2025\/05\/aislamientoacusticopabellon-300x200.png 300w, https:\/\/peracell.com\/wp-content\/uploads\/2025\/05\/aislamientoacusticopabellon-1024x683.png 1024w, https:\/\/peracell.com\/wp-content\/uploads\/2025\/05\/aislamientoacusticopabellon-768x512.png 768w\" \/><\/div><\/div><\/div>\t\t\t\t<\/div>\n\t\t\t\t<\/div>\n\t\t<div class=\"elementor-element elementor-element-3977a3a e-con-full e-flex e-con e-child\" data-id=\"3977a3a\" data-element_type=\"container\" data-e-type=\"container\">\n\t\t\t\t<div class=\"elementor-element elementor-element-346c389 elementor-widget elementor-widget-the7-heading\" data-id=\"346c389\" data-element_type=\"widget\" data-e-type=\"widget\" data-widget_type=\"the7-heading.default\">\n\t\t\t\t<div class=\"elementor-widget-container\">\n\t\t\t\t\t<h3 class=\"the7-heading-title elementor-size-default\">Origen del projecte<\/h3>\t\t\t\t<\/div>\n\t\t\t\t<\/div>\n\t\t\t\t<div class=\"elementor-element elementor-element-8d10b67 elementor-widget elementor-widget-text-editor\" data-id=\"8d10b67\" data-element_type=\"widget\" data-e-type=\"widget\" data-widget_type=\"text-editor.default\">\n\t\t\t\t\t\t\t\t\t<p>L\u2019actuaci\u00f3 es va impulsar a trav\u00e9s d\u2019un pressupost participatiu, en el qual la ciutadania va votar com a prioritat la millora de l\u2019ac\u00fastica del pavell\u00f3, afectat per una elevada reverberaci\u00f3 que dificultava tant la pr\u00e0ctica esportiva com altres usos polivalents.<\/p><p>Mediacustic (enginyeria en ac\u00fastica, soroll i vibracions) va realitzar l\u2019estudi previ, determinant la necessitat d\u2019incorporar elements absorbents suspesos per reduir el temps de reverberaci\u00f3 de l\u2019espai.<\/p>\t\t\t\t\t\t\t\t<\/div>\n\t\t\t\t<\/div>\n\t\t<div class=\"elementor-element elementor-element-bbf7d12 e-con-full e-flex e-con e-child\" data-id=\"bbf7d12\" data-element_type=\"container\" data-e-type=\"container\">\n\t\t\t\t<div class=\"elementor-element elementor-element-ff6fbfd elementor-widget elementor-widget-the7-heading\" data-id=\"ff6fbfd\" data-element_type=\"widget\" data-e-type=\"widget\" data-widget_type=\"the7-heading.default\">\n\t\t\t\t<div class=\"elementor-widget-container\">\n\t\t\t\t\t<h3 class=\"the7-heading-title elementor-size-default\">Soluci\u00f3 aplicada<\/h3>\t\t\t\t<\/div>\n\t\t\t\t<\/div>\n\t\t\t\t<div class=\"elementor-element elementor-element-c26a5d0 elementor-widget elementor-widget-text-editor\" data-id=\"c26a5d0\" data-element_type=\"widget\" data-e-type=\"widget\" data-widget_type=\"text-editor.default\">\n\t\t\t\t\t\t\t\t\t<p>Peracell va subministrar planxes ac\u00fastiques de polietil\u00e8, que es van instal\u00b7lar penjades verticalment del sostre, en color negre, aportant una soluci\u00f3 funcional i alhora elegant, perfectament integrada en l\u2019arquitectura del pavell\u00f3.<\/p>\t\t\t\t\t\t\t\t<\/div>\n\t\t\t\t<\/div>\n\t\t<div class=\"elementor-element elementor-element-31b68d5 e-con-full e-flex e-con e-child\" data-id=\"31b68d5\" data-element_type=\"container\" data-e-type=\"container\">\n\t\t\t\t<div class=\"elementor-element elementor-element-0d69f57 elementor-widget elementor-widget-the7-heading\" data-id=\"0d69f57\" data-element_type=\"widget\" data-e-type=\"widget\" data-widget_type=\"the7-heading.default\">\n\t\t\t\t<div class=\"elementor-widget-container\">\n\t\t\t\t\t<h3 class=\"the7-heading-title elementor-size-default\">Principals caracter\u00edstiques de la soluci\u00f3:<\/h3>\t\t\t\t<\/div>\n\t\t\t\t<\/div>\n\t\t\t\t<div class=\"elementor-element elementor-element-b448e91 elementor-icon-list--layout-traditional elementor-list-item-link-full_width elementor-widget elementor-widget-icon-list\" data-id=\"b448e91\" data-element_type=\"widget\" data-e-type=\"widget\" data-widget_type=\"icon-list.default\">\n\t\t\t\t\t\t\t<ul class=\"elementor-icon-list-items\">\n\t\t\t\t\t\t\t<li class=\"elementor-icon-list-item\">\n\t\t\t\t\t\t\t\t\t\t\t<span class=\"elementor-icon-list-icon\">\n\t\t\t\t\t\t\t<svg xmlns=\"http:\/\/www.w3.org\/2000\/svg\" viewBox=\"0 0 24 24\" width=\"24\" height=\"24\"><path fill=\"none\" d=\"M0 0h24v24H0z\"><\/path><path d=\"M10 15.172l9.192-9.193 1.415 1.414L10 18l-6.364-6.364 1.414-1.414z\"><\/path><\/svg>\t\t\t\t\t\t<\/span>\n\t\t\t\t\t\t\t\t\t\t<span class=\"elementor-icon-list-text\">Material molt lleuger, ideal per a instal\u00b7lacions suspeses<\/span>\n\t\t\t\t\t\t\t\t\t<\/li>\n\t\t\t\t\t\t\t\t<li class=\"elementor-icon-list-item\">\n\t\t\t\t\t\t\t\t\t\t\t<span class=\"elementor-icon-list-icon\">\n\t\t\t\t\t\t\t<svg xmlns=\"http:\/\/www.w3.org\/2000\/svg\" viewBox=\"0 0 24 24\" width=\"24\" height=\"24\"><path fill=\"none\" d=\"M0 0h24v24H0z\"><\/path><path d=\"M10 15.172l9.192-9.193 1.415 1.414L10 18l-6.364-6.364 1.414-1.414z\"><\/path><\/svg>\t\t\t\t\t\t<\/span>\n\t\t\t\t\t\t\t\t\t\t<span class=\"elementor-icon-list-text\">Alta capacitat d\u2019absorci\u00f3 ac\u00fastica<\/span>\n\t\t\t\t\t\t\t\t\t<\/li>\n\t\t\t\t\t\t\t\t<li class=\"elementor-icon-list-item\">\n\t\t\t\t\t\t\t\t\t\t\t<span class=\"elementor-icon-list-icon\">\n\t\t\t\t\t\t\t<svg xmlns=\"http:\/\/www.w3.org\/2000\/svg\" viewBox=\"0 0 24 24\" width=\"24\" height=\"24\"><path fill=\"none\" d=\"M0 0h24v24H0z\"><\/path><path d=\"M10 15.172l9.192-9.193 1.415 1.414L10 18l-6.364-6.364 1.414-1.414z\"><\/path><\/svg>\t\t\t\t\t\t<\/span>\n\t\t\t\t\t\t\t\t\t\t<span class=\"elementor-icon-list-text\">Gran efici\u00e8ncia en la reducci\u00f3 de la reverberaci\u00f3<\/span>\n\t\t\t\t\t\t\t\t\t<\/li>\n\t\t\t\t\t\t\t\t<li class=\"elementor-icon-list-item\">\n\t\t\t\t\t\t\t\t\t\t\t<span class=\"elementor-icon-list-icon\">\n\t\t\t\t\t\t\t<svg xmlns=\"http:\/\/www.w3.org\/2000\/svg\" viewBox=\"0 0 24 24\" width=\"24\" height=\"24\"><path fill=\"none\" d=\"M0 0h24v24H0z\"><\/path><path d=\"M10 15.172l9.192-9.193 1.415 1.414L10 18l-6.364-6.364 1.414-1.414z\"><\/path><\/svg>\t\t\t\t\t\t<\/span>\n\t\t\t\t\t\t\t\t\t\t<span class=\"elementor-icon-list-text\">Instal\u00b7laci\u00f3 senzilla, sense sobrecarregar l\u2019estructura<\/span>\n\t\t\t\t\t\t\t\t\t<\/li>\n\t\t\t\t\t\t<\/ul>\n\t\t\t\t\t\t<\/div>\n\t\t\t\t<\/div>\n\t\t\t\t<\/div>\n\t\t<div class=\"elementor-element elementor-element-53309ce e-con-full e-flex e-con e-child\" data-id=\"53309ce\" data-element_type=\"container\" data-e-type=\"container\">\n\t\t\t\t<div class=\"elementor-element elementor-element-dd60063 elementor-widget elementor-widget-the7-heading\" data-id=\"dd60063\" data-element_type=\"widget\" data-e-type=\"widget\" data-widget_type=\"the7-heading.default\">\n\t\t\t\t<div class=\"elementor-widget-container\">\n\t\t\t\t\t<h3 class=\"the7-heading-title elementor-size-default\">Resultats obtinguts<\/h3>\t\t\t\t<\/div>\n\t\t\t\t<\/div>\n\t\t\t\t<div class=\"elementor-element elementor-element-f33fb2f elementor-widget elementor-widget-text-editor\" data-id=\"f33fb2f\" data-element_type=\"widget\" data-e-type=\"widget\" data-widget_type=\"text-editor.default\">\n\t\t\t\t\t\t\t\t\t<p>Despr\u00e9s de la intervenci\u00f3, el temps de reverberaci\u00f3 del pavell\u00f3 es va reduir de 5,8 segons a 2,0 segons, aconseguint una millora significativa del confort ac\u00fastic, la intel\u00b7ligibilitat de la veu i la qualitat sonora general de l\u2019espai.<\/p>\t\t\t\t\t\t\t\t<\/div>\n\t\t\t\t<\/div>\n\t\t<div class=\"elementor-element elementor-element-9c2259b e-con-full e-flex e-con e-child\" data-id=\"9c2259b\" data-element_type=\"container\" data-e-type=\"container\">\n\t\t\t\t<div class=\"elementor-element elementor-element-66e17e6 elementor-widget elementor-widget-the7-heading\" data-id=\"66e17e6\" data-element_type=\"widget\" data-e-type=\"widget\" data-widget_type=\"the7-heading.default\">\n\t\t\t\t<div class=\"elementor-widget-container\">\n\t\t\t\t\t<h3 class=\"the7-heading-title elementor-size-default\">Conclusi\u00f3<\/h3>\t\t\t\t<\/div>\n\t\t\t\t<\/div>\n\t\t\t\t<div class=\"elementor-element elementor-element-abe4c0a elementor-widget elementor-widget-text-editor\" data-id=\"abe4c0a\" data-element_type=\"widget\" data-e-type=\"widget\" data-widget_type=\"text-editor.default\">\n\t\t\t\t\t\t\t\t\t<p>Les planxes d\u2019a\u00efllament ac\u00fastic de polietil\u00e8 subministrades per Peracell i de fabricaci\u00f3 europea representen una soluci\u00f3 t\u00e8cnica efica\u00e7, est\u00e8tica i de baix pes per a pavellons esportius i espais p\u00fablics. Aquest projecte demostra com una decisi\u00f3 ciutadana, avalada per un estudi t\u00e8cnic rigor\u00f3s, es pot traduir en una millora real i mesurable d\u2019una instal\u00b7laci\u00f3 municipal.<\/p>\t\t\t\t\t\t\t\t<\/div>\n\t\t\t\t<div class=\"elementor-element elementor-element-5f7aa52 elementor-widget elementor-widget-the7_button_widget\" data-id=\"5f7aa52\" data-element_type=\"widget\" data-e-type=\"widget\" data-widget_type=\"the7_button_widget.default\">\n\t\t\t\t<div class=\"elementor-widget-container\">\n\t\t\t\t\t<div class=\"elementor-button-wrapper\"><a href=\"#\" class=\"box-button elementor-button elementor-size-md\">Veure opcions d\u2019a\u00efllament ac\u00fastic<\/a><\/div>\t\t\t\t<\/div>\n\t\t\t\t<\/div>\n\t\t\t\t<\/div>\n\t\t\t\t<\/div>\n\t\t\t\t<\/div>\n\t\t","protected":false},"excerpt":{"rendered":"<p>A\u00efllament ac\u00fastic amb planxes de polietil\u00e8 La millora de l\u2019ac\u00fastica en grans espais \u00e9s clau per al confort dels usuaris. En aquest projecte, Peracell va participar en la millora ac\u00fastica d\u2019un pavell\u00f3 municipal mitjan\u00e7ant planxes d\u2019a\u00efllament ac\u00fastic de polietil\u00e8, una soluci\u00f3 t\u00e8cnica efica\u00e7, lleugera i especialment indicada per a grans volums. Origen del projecte L\u2019actuaci\u00f3&hellip;<\/p>\n","protected":false},"author":1,"featured_media":24531,"comment_status":"open","ping_status":"open","sticky":false,"template":"","format":"standard","meta":{"footnotes":""},"categories":[17],"tags":[],"class_list":["post-24573","post","type-post","status-publish","format-standard","has-post-thumbnail","hentry","category-aislamientos"],"yoast_head":"<!-- This site is optimized with the Yoast SEO plugin v26.9 - https:\/\/yoast.com\/product\/yoast-seo-wordpress\/ -->\n<title>A\u00efllament ac\u00fastic amb planxes de polietil\u00e8 - Peracell<\/title>\n<meta name=\"robots\" content=\"index, follow, max-snippet:-1, max-image-preview:large, max-video-preview:-1\" \/>\n<link rel=\"canonical\" href=\"https:\/\/peracell.com\/aislamiento-acustico-con-planchas-de-polietileno\/\" \/>\n<meta property=\"og:locale\" content=\"ca_ES\" \/>\n<meta property=\"og:type\" content=\"article\" \/>\n<meta property=\"og:title\" content=\"A\u00efllament ac\u00fastic amb planxes de polietil\u00e8 - Peracell\" \/>\n<meta property=\"og:description\" content=\"A\u00efllament ac\u00fastic amb planxes de polietil\u00e8 La millora de l\u2019ac\u00fastica en grans espais \u00e9s clau per al confort dels usuaris. En aquest projecte, Peracell va participar en la millora ac\u00fastica d\u2019un pavell\u00f3 municipal mitjan\u00e7ant planxes d\u2019a\u00efllament ac\u00fastic de polietil\u00e8, una soluci\u00f3 t\u00e8cnica efica\u00e7, lleugera i especialment indicada per a grans volums. Origen del projecte L\u2019actuaci\u00f3&hellip;\" \/>\n<meta property=\"og:url\" content=\"https:\/\/peracell.com\/aislamiento-acustico-con-planchas-de-polietileno\/\" \/>\n<meta property=\"og:site_name\" content=\"Peracell\" \/>\n<meta property=\"article:published_time\" content=\"2025-05-07T16:33:36+00:00\" \/>\n<meta property=\"article:modified_time\" content=\"2026-01-03T13:07:49+00:00\" \/>\n<meta property=\"og:image\" content=\"https:\/\/peracell.com\/wp-content\/uploads\/2025\/05\/aislamiento-acustico-pabellon.png\" \/>\n\t<meta property=\"og:image:width\" content=\"2400\" \/>\n\t<meta property=\"og:image:height\" content=\"1600\" \/>\n\t<meta property=\"og:image:type\" content=\"image\/png\" \/>\n<meta name=\"author\" content=\"Avantiam\" \/>\n<meta name=\"twitter:card\" content=\"summary_large_image\" \/>\n<meta name=\"twitter:label1\" content=\"Escrit per\" \/>\n\t<meta name=\"twitter:data1\" content=\"Avantiam\" \/>\n\t<meta name=\"twitter:label2\" content=\"Temps estimat de lectura\" \/>\n\t<meta name=\"twitter:data2\" content=\"2 minuts\" \/>\n<script type=\"application\/ld+json\" class=\"yoast-schema-graph\">{\"@context\":\"https:\/\/schema.org\",\"@graph\":[{\"@type\":\"Article\",\"@id\":\"https:\/\/peracell.com\/aislamiento-acustico-con-planchas-de-polietileno\/#article\",\"isPartOf\":{\"@id\":\"https:\/\/peracell.com\/aislamiento-acustico-con-planchas-de-polietileno\/\"},\"author\":{\"name\":\"Avantiam\",\"@id\":\"https:\/\/peracell.com\/#\/schema\/person\/ecbc91b01793d1b2b2319a8781fec8e9\"},\"headline\":\"A\u00efllament ac\u00fastic amb planxes de polietil\u00e8\",\"datePublished\":\"2025-05-07T16:33:36+00:00\",\"dateModified\":\"2026-01-03T13:07:49+00:00\",\"mainEntityOfPage\":{\"@id\":\"https:\/\/peracell.com\/aislamiento-acustico-con-planchas-de-polietileno\/\"},\"wordCount\":337,\"commentCount\":0,\"publisher\":{\"@id\":\"https:\/\/peracell.com\/#organization\"},\"image\":{\"@id\":\"https:\/\/peracell.com\/aislamiento-acustico-con-planchas-de-polietileno\/#primaryimage\"},\"thumbnailUrl\":\"https:\/\/peracell.com\/wp-content\/uploads\/2025\/05\/aislamiento-acustico-pabellon.png\",\"articleSection\":[\"Aislamientos\"],\"inLanguage\":\"ca\",\"potentialAction\":[{\"@type\":\"CommentAction\",\"name\":\"Comment\",\"target\":[\"https:\/\/peracell.com\/aislamiento-acustico-con-planchas-de-polietileno\/#respond\"]}]},{\"@type\":\"WebPage\",\"@id\":\"https:\/\/peracell.com\/aislamiento-acustico-con-planchas-de-polietileno\/\",\"url\":\"https:\/\/peracell.com\/aislamiento-acustico-con-planchas-de-polietileno\/\",\"name\":\"A\u00efllament ac\u00fastic amb planxes de polietil\u00e8 - Peracell\",\"isPartOf\":{\"@id\":\"https:\/\/peracell.com\/#website\"},\"primaryImageOfPage\":{\"@id\":\"https:\/\/peracell.com\/aislamiento-acustico-con-planchas-de-polietileno\/#primaryimage\"},\"image\":{\"@id\":\"https:\/\/peracell.com\/aislamiento-acustico-con-planchas-de-polietileno\/#primaryimage\"},\"thumbnailUrl\":\"https:\/\/peracell.com\/wp-content\/uploads\/2025\/05\/aislamiento-acustico-pabellon.png\",\"datePublished\":\"2025-05-07T16:33:36+00:00\",\"dateModified\":\"2026-01-03T13:07:49+00:00\",\"breadcrumb\":{\"@id\":\"https:\/\/peracell.com\/aislamiento-acustico-con-planchas-de-polietileno\/#breadcrumb\"},\"inLanguage\":\"ca\",\"potentialAction\":[{\"@type\":\"ReadAction\",\"target\":[\"https:\/\/peracell.com\/aislamiento-acustico-con-planchas-de-polietileno\/\"]}]},{\"@type\":\"ImageObject\",\"inLanguage\":\"ca\",\"@id\":\"https:\/\/peracell.com\/aislamiento-acustico-con-planchas-de-polietileno\/#primaryimage\",\"url\":\"https:\/\/peracell.com\/wp-content\/uploads\/2025\/05\/aislamiento-acustico-pabellon.png\",\"contentUrl\":\"https:\/\/peracell.com\/wp-content\/uploads\/2025\/05\/aislamiento-acustico-pabellon.png\",\"width\":2400,\"height\":1600,\"caption\":\"aislamiento ac\u00fastico pabellon\"},{\"@type\":\"BreadcrumbList\",\"@id\":\"https:\/\/peracell.com\/aislamiento-acustico-con-planchas-de-polietileno\/#breadcrumb\",\"itemListElement\":[{\"@type\":\"ListItem\",\"position\":1,\"name\":\"Portada\",\"item\":\"https:\/\/peracell.com\/\"},{\"@type\":\"ListItem\",\"position\":2,\"name\":\"A\u00efllament ac\u00fastic amb planxes de polietil\u00e8\"}]},{\"@type\":\"WebSite\",\"@id\":\"https:\/\/peracell.com\/#website\",\"url\":\"https:\/\/peracell.com\/\",\"name\":\"Peracell\",\"description\":\"Foam solutions and Adhesive tapes\",\"publisher\":{\"@id\":\"https:\/\/peracell.com\/#organization\"},\"potentialAction\":[{\"@type\":\"SearchAction\",\"target\":{\"@type\":\"EntryPoint\",\"urlTemplate\":\"https:\/\/peracell.com\/?s={search_term_string}\"},\"query-input\":{\"@type\":\"PropertyValueSpecification\",\"valueRequired\":true,\"valueName\":\"search_term_string\"}}],\"inLanguage\":\"ca\"},{\"@type\":\"Organization\",\"@id\":\"https:\/\/peracell.com\/#organization\",\"name\":\"Peracell\",\"url\":\"https:\/\/peracell.com\/\",\"logo\":{\"@type\":\"ImageObject\",\"inLanguage\":\"ca\",\"@id\":\"https:\/\/peracell.com\/#\/schema\/logo\/image\/\",\"url\":\"https:\/\/peracell.com\/wp-content\/uploads\/2025\/09\/isotip-peracell.png\",\"contentUrl\":\"https:\/\/peracell.com\/wp-content\/uploads\/2025\/09\/isotip-peracell.png\",\"width\":143,\"height\":143,\"caption\":\"Peracell\"},\"image\":{\"@id\":\"https:\/\/peracell.com\/#\/schema\/logo\/image\/\"}},{\"@type\":\"Person\",\"@id\":\"https:\/\/peracell.com\/#\/schema\/person\/ecbc91b01793d1b2b2319a8781fec8e9\",\"name\":\"Avantiam\",\"image\":{\"@type\":\"ImageObject\",\"inLanguage\":\"ca\",\"@id\":\"https:\/\/peracell.com\/#\/schema\/person\/image\/\",\"url\":\"https:\/\/peracell.com\/wp-content\/litespeed\/avatar\/72fb663c5e54b3be5e76eaaf25b26788.jpg?ver=1787922576\",\"contentUrl\":\"https:\/\/peracell.com\/wp-content\/litespeed\/avatar\/72fb663c5e54b3be5e76eaaf25b26788.jpg?ver=1787922576\",\"caption\":\"Avantiam\"},\"sameAs\":[\"https:\/\/peracell.com\/\"],\"url\":\"https:\/\/peracell.com\/ca\/author\/avantiam\/\"}]}<\/script>\n<!-- \/ Yoast SEO plugin. -->","yoast_head_json":{"title":"A\u00efllament ac\u00fastic amb planxes de polietil\u00e8 - Peracell","robots":{"index":"index","follow":"follow","max-snippet":"max-snippet:-1","max-image-preview":"max-image-preview:large","max-video-preview":"max-video-preview:-1"},"canonical":"https:\/\/peracell.com\/aislamiento-acustico-con-planchas-de-polietileno\/","og_locale":"ca_ES","og_type":"article","og_title":"A\u00efllament ac\u00fastic amb planxes de polietil\u00e8 - Peracell","og_description":"A\u00efllament ac\u00fastic amb planxes de polietil\u00e8 La millora de l\u2019ac\u00fastica en grans espais \u00e9s clau per al confort dels usuaris. En aquest projecte, Peracell va participar en la millora ac\u00fastica d\u2019un pavell\u00f3 municipal mitjan\u00e7ant planxes d\u2019a\u00efllament ac\u00fastic de polietil\u00e8, una soluci\u00f3 t\u00e8cnica efica\u00e7, lleugera i especialment indicada per a grans volums. Origen del projecte L\u2019actuaci\u00f3&hellip;","og_url":"https:\/\/peracell.com\/aislamiento-acustico-con-planchas-de-polietileno\/","og_site_name":"Peracell","article_published_time":"2025-05-07T16:33:36+00:00","article_modified_time":"2026-01-03T13:07:49+00:00","og_image":[{"width":2400,"height":1600,"url":"https:\/\/peracell.com\/wp-content\/uploads\/2025\/05\/aislamiento-acustico-pabellon.png","type":"image\/png"}],"author":"Avantiam","twitter_card":"summary_large_image","twitter_misc":{"Escrit per":"Avantiam","Temps estimat de lectura":"2 minuts"},"schema":{"@context":"https:\/\/schema.org","@graph":[{"@type":"Article","@id":"https:\/\/peracell.com\/aislamiento-acustico-con-planchas-de-polietileno\/#article","isPartOf":{"@id":"https:\/\/peracell.com\/aislamiento-acustico-con-planchas-de-polietileno\/"},"author":{"name":"Avantiam","@id":"https:\/\/peracell.com\/#\/schema\/person\/ecbc91b01793d1b2b2319a8781fec8e9"},"headline":"A\u00efllament ac\u00fastic amb planxes de polietil\u00e8","datePublished":"2025-05-07T16:33:36+00:00","dateModified":"2026-01-03T13:07:49+00:00","mainEntityOfPage":{"@id":"https:\/\/peracell.com\/aislamiento-acustico-con-planchas-de-polietileno\/"},"wordCount":337,"commentCount":0,"publisher":{"@id":"https:\/\/peracell.com\/#organization"},"image":{"@id":"https:\/\/peracell.com\/aislamiento-acustico-con-planchas-de-polietileno\/#primaryimage"},"thumbnailUrl":"https:\/\/peracell.com\/wp-content\/uploads\/2025\/05\/aislamiento-acustico-pabellon.png","articleSection":["Aislamientos"],"inLanguage":"ca","potentialAction":[{"@type":"CommentAction","name":"Comment","target":["https:\/\/peracell.com\/aislamiento-acustico-con-planchas-de-polietileno\/#respond"]}]},{"@type":"WebPage","@id":"https:\/\/peracell.com\/aislamiento-acustico-con-planchas-de-polietileno\/","url":"https:\/\/peracell.com\/aislamiento-acustico-con-planchas-de-polietileno\/","name":"A\u00efllament ac\u00fastic amb planxes de polietil\u00e8 - Peracell","isPartOf":{"@id":"https:\/\/peracell.com\/#website"},"primaryImageOfPage":{"@id":"https:\/\/peracell.com\/aislamiento-acustico-con-planchas-de-polietileno\/#primaryimage"},"image":{"@id":"https:\/\/peracell.com\/aislamiento-acustico-con-planchas-de-polietileno\/#primaryimage"},"thumbnailUrl":"https:\/\/peracell.com\/wp-content\/uploads\/2025\/05\/aislamiento-acustico-pabellon.png","datePublished":"2025-05-07T16:33:36+00:00","dateModified":"2026-01-03T13:07:49+00:00","breadcrumb":{"@id":"https:\/\/peracell.com\/aislamiento-acustico-con-planchas-de-polietileno\/#breadcrumb"},"inLanguage":"ca","potentialAction":[{"@type":"ReadAction","target":["https:\/\/peracell.com\/aislamiento-acustico-con-planchas-de-polietileno\/"]}]},{"@type":"ImageObject","inLanguage":"ca","@id":"https:\/\/peracell.com\/aislamiento-acustico-con-planchas-de-polietileno\/#primaryimage","url":"https:\/\/peracell.com\/wp-content\/uploads\/2025\/05\/aislamiento-acustico-pabellon.png","contentUrl":"https:\/\/peracell.com\/wp-content\/uploads\/2025\/05\/aislamiento-acustico-pabellon.png","width":2400,"height":1600,"caption":"aislamiento ac\u00fastico pabellon"},{"@type":"BreadcrumbList","@id":"https:\/\/peracell.com\/aislamiento-acustico-con-planchas-de-polietileno\/#breadcrumb","itemListElement":[{"@type":"ListItem","position":1,"name":"Portada","item":"https:\/\/peracell.com\/"},{"@type":"ListItem","position":2,"name":"A\u00efllament ac\u00fastic amb planxes de polietil\u00e8"}]},{"@type":"WebSite","@id":"https:\/\/peracell.com\/#website","url":"https:\/\/peracell.com\/","name":"Peracell","description":"Foam solutions and Adhesive tapes","publisher":{"@id":"https:\/\/peracell.com\/#organization"},"potentialAction":[{"@type":"SearchAction","target":{"@type":"EntryPoint","urlTemplate":"https:\/\/peracell.com\/?s={search_term_string}"},"query-input":{"@type":"PropertyValueSpecification","valueRequired":true,"valueName":"search_term_string"}}],"inLanguage":"ca"},{"@type":"Organization","@id":"https:\/\/peracell.com\/#organization","name":"Peracell","url":"https:\/\/peracell.com\/","logo":{"@type":"ImageObject","inLanguage":"ca","@id":"https:\/\/peracell.com\/#\/schema\/logo\/image\/","url":"https:\/\/peracell.com\/wp-content\/uploads\/2025\/09\/isotip-peracell.png","contentUrl":"https:\/\/peracell.com\/wp-content\/uploads\/2025\/09\/isotip-peracell.png","width":143,"height":143,"caption":"Peracell"},"image":{"@id":"https:\/\/peracell.com\/#\/schema\/logo\/image\/"}},{"@type":"Person","@id":"https:\/\/peracell.com\/#\/schema\/person\/ecbc91b01793d1b2b2319a8781fec8e9","name":"Avantiam","image":{"@type":"ImageObject","inLanguage":"ca","@id":"https:\/\/peracell.com\/#\/schema\/person\/image\/","url":"https:\/\/peracell.com\/wp-content\/litespeed\/avatar\/72fb663c5e54b3be5e76eaaf25b26788.jpg?ver=1787922576","contentUrl":"https:\/\/peracell.com\/wp-content\/litespeed\/avatar\/72fb663c5e54b3be5e76eaaf25b26788.jpg?ver=1787922576","caption":"Avantiam"},"sameAs":["https:\/\/peracell.com\/"],"url":"https:\/\/peracell.com\/ca\/author\/avantiam\/"}]}},"_links":{"self":[{"href":"https:\/\/peracell.com\/ca\/wp-json\/wp\/v2\/posts\/24573","targetHints":{"allow":["GET"]}}],"collection":[{"href":"https:\/\/peracell.com\/ca\/wp-json\/wp\/v2\/posts"}],"about":[{"href":"https:\/\/peracell.com\/ca\/wp-json\/wp\/v2\/types\/post"}],"author":[{"embeddable":true,"href":"https:\/\/peracell.com\/ca\/wp-json\/wp\/v2\/users\/1"}],"replies":[{"embeddable":true,"href":"https:\/\/peracell.com\/ca\/wp-json\/wp\/v2\/comments?post=24573"}],"version-history":[{"count":1,"href":"https:\/\/peracell.com\/ca\/wp-json\/wp\/v2\/posts\/24573\/revisions"}],"predecessor-version":[{"id":24574,"href":"https:\/\/peracell.com\/ca\/wp-json\/wp\/v2\/posts\/24573\/revisions\/24574"}],"wp:featuredmedia":[{"embeddable":true,"href":"https:\/\/peracell.com\/ca\/wp-json\/wp\/v2\/media\/24531"}],"wp:attachment":[{"href":"https:\/\/peracell.com\/ca\/wp-json\/wp\/v2\/media?parent=24573"}],"wp:term":[{"taxonomy":"category","embeddable":true,"href":"https:\/\/peracell.com\/ca\/wp-json\/wp\/v2\/categories?post=24573"},{"taxonomy":"post_tag","embeddable":true,"href":"https:\/\/peracell.com\/ca\/wp-json\/wp\/v2\/tags?post=24573"}],"curies":[{"name":"wp","href":"https:\/\/api.w.org\/{rel}","templated":true}]}}