{"id":24805,"date":"2025-05-07T18:33:36","date_gmt":"2025-05-07T16:33:36","guid":{"rendered":"https:\/\/peracell.com\/2025\/05\/07\/isolation-acoustique-avec-des-panneaux-en-polyethylene\/"},"modified":"2026-01-08T15:34:52","modified_gmt":"2026-01-08T14:34:52","slug":"isolation-acoustique-avec-des-panneaux-en-polyethylene","status":"publish","type":"post","link":"https:\/\/peracell.com\/fr\/isolation-acoustique-avec-des-panneaux-en-polyethylene\/","title":{"rendered":"Isolation acoustique avec des panneaux en poly\u00e9thyl\u00e8ne"},"content":{"rendered":"\t\t<div data-elementor-type=\"wp-post\" data-elementor-id=\"24805\" class=\"elementor elementor-24805 elementor-286\" data-elementor-post-type=\"post\">\n\t\t\t\t<div class=\"elementor-element elementor-element-40371d9 e-con-full e-flex e-con e-parent\" data-id=\"40371d9\" data-element_type=\"container\" data-e-type=\"container\">\n\t\t<div class=\"elementor-element elementor-element-3dc7b00 e-con-full e-flex e-con e-child\" data-id=\"3dc7b00\" data-element_type=\"container\" data-e-type=\"container\">\n\t\t\t\t<div class=\"elementor-element elementor-element-1a29c1f elementor-widget elementor-widget-the7-heading\" data-id=\"1a29c1f\" data-element_type=\"widget\" data-e-type=\"widget\" data-widget_type=\"the7-heading.default\">\n\t\t\t\t<div class=\"elementor-widget-container\">\n\t\t\t\t\t<h3 class=\"the7-heading-title elementor-size-default\">Isolation acoustique avec des panneaux en poly\u00e9thyl\u00e8ne<\/h3>\t\t\t\t<\/div>\n\t\t\t\t<\/div>\n\t\t\t\t<div class=\"elementor-element elementor-element-8563cd4 elementor-widget elementor-widget-text-editor\" data-id=\"8563cd4\" data-element_type=\"widget\" data-e-type=\"widget\" data-widget_type=\"text-editor.default\">\n\t\t\t\t\t\t\t\t\t<p>L\u2019am\u00e9lioration de l\u2019acoustique dans les grands espaces est essentielle pour le confort des utilisateurs. Dans ce projet, Peracell a particip\u00e9 \u00e0 l\u2019am\u00e9lioration acoustique d\u2019un pavillon municipal au moyen de panneaux d\u2019isolation acoustique en poly\u00e9thyl\u00e8ne, une solution technique efficace, l\u00e9g\u00e8re et particuli\u00e8rement adapt\u00e9e aux grands volumes. <\/p>\t\t\t\t\t\t\t\t<\/div>\n\t\t\t\t<div class=\"elementor-element elementor-element-85fbfdf content-align-left the7-hover-visibility-disabled preserve-img-ratio-cover transform-overlay-yes exceeding-frame-yes elementor-widget elementor-widget-the7-image-widget\" data-id=\"85fbfdf\" data-element_type=\"widget\" data-e-type=\"widget\" data-settings=\"{&quot;hover_visibility&quot;:&quot;disabled&quot;}\" data-widget_type=\"the7-image-widget.default\">\n\t\t\t\t<div class=\"elementor-widget-container\">\n\t\t\t\t\t<div class=\"the7-image-container\"><div class=\"the7-image-wrapper the7-elementor-widget the7-transform-container\"><div class=\"post-thumbnail-rollover layzr-bg img-css-resize-wrapper\"><img fetchpriority=\"high\" decoding=\"async\" width=\"1536\" height=\"1024\" src=\"data:image\/svg+xml,%3Csvg%20xmlns%3D&#039;http%3A%2F%2Fwww.w3.org%2F2000%2Fsvg&#039;%20viewBox%3D&#039;0%200%201536%201024&#039;%2F%3E\" class=\"attachment-full size-full preload-me aspect lazy lazy-load\" alt=\"aislamiento ac\u00fastico pabellon\" sizes=\"(max-width: 1536px) 100vw, 1536px\" style=\"--ratio: 1536 \/ 1024;\" data-src=\"https:\/\/peracell.com\/wp-content\/uploads\/2025\/05\/aislamientoacusticopabellon.png\" loading=\"eager\" data-srcset=\"https:\/\/peracell.com\/wp-content\/uploads\/2025\/05\/aislamientoacusticopabellon.png 1536w, https:\/\/peracell.com\/wp-content\/uploads\/2025\/05\/aislamientoacusticopabellon-300x200.png 300w, https:\/\/peracell.com\/wp-content\/uploads\/2025\/05\/aislamientoacusticopabellon-1024x683.png 1024w, https:\/\/peracell.com\/wp-content\/uploads\/2025\/05\/aislamientoacusticopabellon-768x512.png 768w\" \/><\/div><\/div><\/div>\t\t\t\t<\/div>\n\t\t\t\t<\/div>\n\t\t<div class=\"elementor-element elementor-element-3977a3a e-con-full e-flex e-con e-child\" data-id=\"3977a3a\" data-element_type=\"container\" data-e-type=\"container\">\n\t\t\t\t<div class=\"elementor-element elementor-element-346c389 elementor-widget elementor-widget-the7-heading\" data-id=\"346c389\" data-element_type=\"widget\" data-e-type=\"widget\" data-widget_type=\"the7-heading.default\">\n\t\t\t\t<div class=\"elementor-widget-container\">\n\t\t\t\t\t<h3 class=\"the7-heading-title elementor-size-default\">Origine du projet<\/h3>\t\t\t\t<\/div>\n\t\t\t\t<\/div>\n\t\t\t\t<div class=\"elementor-element elementor-element-8d10b67 elementor-widget elementor-widget-text-editor\" data-id=\"8d10b67\" data-element_type=\"widget\" data-e-type=\"widget\" data-widget_type=\"text-editor.default\">\n\t\t\t\t\t\t\t\t\t<p>L\u2019intervention a \u00e9t\u00e9 impuls\u00e9e par le biais d\u2019un budget participatif, dans lequel les citoyens ont vot\u00e9 en priorit\u00e9 pour l\u2019am\u00e9lioration de l\u2019acoustique du pavillon, affect\u00e9e par une forte r\u00e9verb\u00e9ration qui compliquait aussi bien la pratique sportive que d\u2019autres usages polyvalents.<\/p><p>Mediacustic (ing\u00e9nierie en acoustique, bruit et vibrations) a r\u00e9alis\u00e9 l\u2019\u00e9tude pr\u00e9alable, d\u00e9terminant la n\u00e9cessit\u00e9 d\u2019incorporer des \u00e9l\u00e9ments absorbants suspendus afin de r\u00e9duire le temps de r\u00e9verb\u00e9ration de l\u2019espace.<\/p>\t\t\t\t\t\t\t\t<\/div>\n\t\t\t\t<\/div>\n\t\t<div class=\"elementor-element elementor-element-bbf7d12 e-con-full e-flex e-con e-child\" data-id=\"bbf7d12\" data-element_type=\"container\" data-e-type=\"container\">\n\t\t\t\t<div class=\"elementor-element elementor-element-ff6fbfd elementor-widget elementor-widget-the7-heading\" data-id=\"ff6fbfd\" data-element_type=\"widget\" data-e-type=\"widget\" data-widget_type=\"the7-heading.default\">\n\t\t\t\t<div class=\"elementor-widget-container\">\n\t\t\t\t\t<h3 class=\"the7-heading-title elementor-size-default\">Solution appliqu\u00e9e<\/h3>\t\t\t\t<\/div>\n\t\t\t\t<\/div>\n\t\t\t\t<div class=\"elementor-element elementor-element-c26a5d0 elementor-widget elementor-widget-text-editor\" data-id=\"c26a5d0\" data-element_type=\"widget\" data-e-type=\"widget\" data-widget_type=\"text-editor.default\">\n\t\t\t\t\t\t\t\t\t<p>Peracell a fourni des panneaux acoustiques en poly\u00e9thyl\u00e8ne, install\u00e9s suspendus verticalement au plafond, de couleur noire, apportant une solution fonctionnelle et en m\u00eame temps \u00e9l\u00e9gante, parfaitement int\u00e9gr\u00e9e \u00e0 l\u2019architecture du pavillon.<\/p>\t\t\t\t\t\t\t\t<\/div>\n\t\t\t\t<\/div>\n\t\t<div class=\"elementor-element elementor-element-31b68d5 e-con-full e-flex e-con e-child\" data-id=\"31b68d5\" data-element_type=\"container\" data-e-type=\"container\">\n\t\t\t\t<div class=\"elementor-element elementor-element-0d69f57 elementor-widget elementor-widget-the7-heading\" data-id=\"0d69f57\" data-element_type=\"widget\" data-e-type=\"widget\" data-widget_type=\"the7-heading.default\">\n\t\t\t\t<div class=\"elementor-widget-container\">\n\t\t\t\t\t<h3 class=\"the7-heading-title elementor-size-default\">Principales caract\u00e9ristiques de la solution :<\/h3>\t\t\t\t<\/div>\n\t\t\t\t<\/div>\n\t\t\t\t<div class=\"elementor-element elementor-element-b448e91 elementor-icon-list--layout-traditional elementor-list-item-link-full_width elementor-widget elementor-widget-icon-list\" data-id=\"b448e91\" data-element_type=\"widget\" data-e-type=\"widget\" data-widget_type=\"icon-list.default\">\n\t\t\t\t\t\t\t<ul class=\"elementor-icon-list-items\">\n\t\t\t\t\t\t\t<li class=\"elementor-icon-list-item\">\n\t\t\t\t\t\t\t\t\t\t\t<span class=\"elementor-icon-list-icon\">\n\t\t\t\t\t\t\t<svg xmlns=\"http:\/\/www.w3.org\/2000\/svg\" viewBox=\"0 0 24 24\" width=\"24\" height=\"24\"><path fill=\"none\" d=\"M0 0h24v24H0z\"><\/path><path d=\"M10 15.172l9.192-9.193 1.415 1.414L10 18l-6.364-6.364 1.414-1.414z\"><\/path><\/svg>\t\t\t\t\t\t<\/span>\n\t\t\t\t\t\t\t\t\t\t<span class=\"elementor-icon-list-text\">Mat\u00e9riau tr\u00e8s l\u00e9ger, id\u00e9al pour des installations suspendues<\/span>\n\t\t\t\t\t\t\t\t\t<\/li>\n\t\t\t\t\t\t\t\t<li class=\"elementor-icon-list-item\">\n\t\t\t\t\t\t\t\t\t\t\t<span class=\"elementor-icon-list-icon\">\n\t\t\t\t\t\t\t<svg xmlns=\"http:\/\/www.w3.org\/2000\/svg\" viewBox=\"0 0 24 24\" width=\"24\" height=\"24\"><path fill=\"none\" d=\"M0 0h24v24H0z\"><\/path><path d=\"M10 15.172l9.192-9.193 1.415 1.414L10 18l-6.364-6.364 1.414-1.414z\"><\/path><\/svg>\t\t\t\t\t\t<\/span>\n\t\t\t\t\t\t\t\t\t\t<span class=\"elementor-icon-list-text\">Grande capacit\u00e9 d\u2019absorption acoustique<\/span>\n\t\t\t\t\t\t\t\t\t<\/li>\n\t\t\t\t\t\t\t\t<li class=\"elementor-icon-list-item\">\n\t\t\t\t\t\t\t\t\t\t\t<span class=\"elementor-icon-list-icon\">\n\t\t\t\t\t\t\t<svg xmlns=\"http:\/\/www.w3.org\/2000\/svg\" viewBox=\"0 0 24 24\" width=\"24\" height=\"24\"><path fill=\"none\" d=\"M0 0h24v24H0z\"><\/path><path d=\"M10 15.172l9.192-9.193 1.415 1.414L10 18l-6.364-6.364 1.414-1.414z\"><\/path><\/svg>\t\t\t\t\t\t<\/span>\n\t\t\t\t\t\t\t\t\t\t<span class=\"elementor-icon-list-text\">Grande efficacit\u00e9 dans la r\u00e9duction de la r\u00e9verb\u00e9ration<\/span>\n\t\t\t\t\t\t\t\t\t<\/li>\n\t\t\t\t\t\t\t\t<li class=\"elementor-icon-list-item\">\n\t\t\t\t\t\t\t\t\t\t\t<span class=\"elementor-icon-list-icon\">\n\t\t\t\t\t\t\t<svg xmlns=\"http:\/\/www.w3.org\/2000\/svg\" viewBox=\"0 0 24 24\" width=\"24\" height=\"24\"><path fill=\"none\" d=\"M0 0h24v24H0z\"><\/path><path d=\"M10 15.172l9.192-9.193 1.415 1.414L10 18l-6.364-6.364 1.414-1.414z\"><\/path><\/svg>\t\t\t\t\t\t<\/span>\n\t\t\t\t\t\t\t\t\t\t<span class=\"elementor-icon-list-text\">Installation simple, sans surcharge de la structure<\/span>\n\t\t\t\t\t\t\t\t\t<\/li>\n\t\t\t\t\t\t<\/ul>\n\t\t\t\t\t\t<\/div>\n\t\t\t\t<\/div>\n\t\t\t\t<\/div>\n\t\t<div class=\"elementor-element elementor-element-53309ce e-con-full e-flex e-con e-child\" data-id=\"53309ce\" data-element_type=\"container\" data-e-type=\"container\">\n\t\t\t\t<div class=\"elementor-element elementor-element-dd60063 elementor-widget elementor-widget-the7-heading\" data-id=\"dd60063\" data-element_type=\"widget\" data-e-type=\"widget\" data-widget_type=\"the7-heading.default\">\n\t\t\t\t<div class=\"elementor-widget-container\">\n\t\t\t\t\t<h3 class=\"the7-heading-title elementor-size-default\">R\u00e9sultats obtenus<\/h3>\t\t\t\t<\/div>\n\t\t\t\t<\/div>\n\t\t\t\t<div class=\"elementor-element elementor-element-f33fb2f elementor-widget elementor-widget-text-editor\" data-id=\"f33fb2f\" data-element_type=\"widget\" data-e-type=\"widget\" data-widget_type=\"text-editor.default\">\n\t\t\t\t\t\t\t\t\t<p>Apr\u00e8s l\u2019intervention, le temps de r\u00e9verb\u00e9ration du pavillon a \u00e9t\u00e9 r\u00e9duit de 5,8 secondes \u00e0 2,0 secondes, permettant une am\u00e9lioration significative du confort acoustique, de l\u2019intelligibilit\u00e9 de la voix et de la qualit\u00e9 sonore globale de l\u2019espace.<\/p>\t\t\t\t\t\t\t\t<\/div>\n\t\t\t\t<\/div>\n\t\t<div class=\"elementor-element elementor-element-9c2259b e-con-full e-flex e-con e-child\" data-id=\"9c2259b\" data-element_type=\"container\" data-e-type=\"container\">\n\t\t\t\t<div class=\"elementor-element elementor-element-66e17e6 elementor-widget elementor-widget-the7-heading\" data-id=\"66e17e6\" data-element_type=\"widget\" data-e-type=\"widget\" data-widget_type=\"the7-heading.default\">\n\t\t\t\t<div class=\"elementor-widget-container\">\n\t\t\t\t\t<h3 class=\"the7-heading-title elementor-size-default\">Conclusion<\/h3>\t\t\t\t<\/div>\n\t\t\t\t<\/div>\n\t\t\t\t<div class=\"elementor-element elementor-element-abe4c0a elementor-widget elementor-widget-text-editor\" data-id=\"abe4c0a\" data-element_type=\"widget\" data-e-type=\"widget\" data-widget_type=\"text-editor.default\">\n\t\t\t\t\t\t\t\t\t<p>Les panneaux d\u2019isolation acoustique en poly\u00e9thyl\u00e8ne fournis par Peracell, de fabrication europ\u00e9enne, repr\u00e9sentent une solution technique efficace, esth\u00e9tique et l\u00e9g\u00e8re pour les pavillons sportifs et les espaces publics. Ce projet d\u00e9montre comment une d\u00e9cision citoyenne, soutenue par une \u00e9tude technique rigoureuse, peut se traduire par une am\u00e9lioration r\u00e9elle et mesurable d\u2019une installation municipale. <\/p>\t\t\t\t\t\t\t\t<\/div>\n\t\t\t\t<div class=\"elementor-element elementor-element-5f7aa52 elementor-widget elementor-widget-the7_button_widget\" data-id=\"5f7aa52\" data-element_type=\"widget\" data-e-type=\"widget\" data-widget_type=\"the7_button_widget.default\">\n\t\t\t\t<div class=\"elementor-widget-container\">\n\t\t\t\t\t<div class=\"elementor-button-wrapper\"><a href=\"#\" class=\"box-button elementor-button elementor-size-md\">Voir les options d\u2019isolation acoustique<\/a><\/div>\t\t\t\t<\/div>\n\t\t\t\t<\/div>\n\t\t\t\t<\/div>\n\t\t\t\t<\/div>\n\t\t\t\t<\/div>\n\t\t","protected":false},"excerpt":{"rendered":"<p>Isolation acoustique avec des panneaux en poly\u00e9thyl\u00e8ne L\u2019am\u00e9lioration de l\u2019acoustique dans les grands espaces est essentielle pour le confort des utilisateurs. Dans ce projet, Peracell a particip\u00e9 \u00e0 l\u2019am\u00e9lioration acoustique d\u2019un pavillon municipal au moyen de panneaux d\u2019isolation acoustique en poly\u00e9thyl\u00e8ne, une solution technique efficace, l\u00e9g\u00e8re et particuli\u00e8rement adapt\u00e9e aux grands volumes. Origine du projet&hellip;<\/p>\n","protected":false},"author":1,"featured_media":24533,"comment_status":"open","ping_status":"open","sticky":false,"template":"","format":"standard","meta":{"footnotes":""},"categories":[17],"tags":[],"class_list":["post-24805","post","type-post","status-publish","format-standard","has-post-thumbnail","hentry","category-aislamientos"],"yoast_head":"<!-- This site is optimized with the Yoast SEO plugin v26.9 - https:\/\/yoast.com\/product\/yoast-seo-wordpress\/ -->\n<title>Isolation acoustique avec des panneaux en poly\u00e9thyl\u00e8ne - Peracell<\/title>\n<meta name=\"robots\" content=\"index, follow, max-snippet:-1, max-image-preview:large, max-video-preview:-1\" \/>\n<link rel=\"canonical\" href=\"https:\/\/peracell.com\/aislamiento-acustico-con-planchas-de-polietileno\/\" \/>\n<meta property=\"og:locale\" content=\"fr_FR\" \/>\n<meta property=\"og:type\" content=\"article\" \/>\n<meta property=\"og:title\" content=\"Isolation acoustique avec des panneaux en poly\u00e9thyl\u00e8ne - Peracell\" \/>\n<meta property=\"og:description\" content=\"Isolation acoustique avec des panneaux en poly\u00e9thyl\u00e8ne L\u2019am\u00e9lioration de l\u2019acoustique dans les grands espaces est essentielle pour le confort des utilisateurs. Dans ce projet, Peracell a particip\u00e9 \u00e0 l\u2019am\u00e9lioration acoustique d\u2019un pavillon municipal au moyen de panneaux d\u2019isolation acoustique en poly\u00e9thyl\u00e8ne, une solution technique efficace, l\u00e9g\u00e8re et particuli\u00e8rement adapt\u00e9e aux grands volumes. Origine du projet&hellip;\" \/>\n<meta property=\"og:url\" content=\"https:\/\/peracell.com\/aislamiento-acustico-con-planchas-de-polietileno\/\" \/>\n<meta property=\"og:site_name\" content=\"Peracell\" \/>\n<meta property=\"article:published_time\" content=\"2025-05-07T16:33:36+00:00\" \/>\n<meta property=\"article:modified_time\" content=\"2026-01-08T14:34:52+00:00\" \/>\n<meta property=\"og:image\" content=\"https:\/\/peracell.com\/wp-content\/uploads\/2025\/05\/aislamiento-acustico-pabellon.png\" \/>\n\t<meta property=\"og:image:width\" content=\"2400\" \/>\n\t<meta property=\"og:image:height\" content=\"1600\" \/>\n\t<meta property=\"og:image:type\" content=\"image\/png\" \/>\n<meta name=\"author\" content=\"Avantiam\" \/>\n<meta name=\"twitter:card\" content=\"summary_large_image\" \/>\n<meta name=\"twitter:label1\" content=\"\u00c9crit par\" \/>\n\t<meta name=\"twitter:data1\" content=\"Avantiam\" \/>\n\t<meta name=\"twitter:label2\" content=\"Dur\u00e9e de lecture estim\u00e9e\" \/>\n\t<meta name=\"twitter:data2\" content=\"2 minutes\" \/>\n<script type=\"application\/ld+json\" class=\"yoast-schema-graph\">{\"@context\":\"https:\/\/schema.org\",\"@graph\":[{\"@type\":\"Article\",\"@id\":\"https:\/\/peracell.com\/aislamiento-acustico-con-planchas-de-polietileno\/#article\",\"isPartOf\":{\"@id\":\"https:\/\/peracell.com\/aislamiento-acustico-con-planchas-de-polietileno\/\"},\"author\":{\"name\":\"Avantiam\",\"@id\":\"https:\/\/peracell.com\/#\/schema\/person\/ecbc91b01793d1b2b2319a8781fec8e9\"},\"headline\":\"Isolation acoustique avec des panneaux en poly\u00e9thyl\u00e8ne\",\"datePublished\":\"2025-05-07T16:33:36+00:00\",\"dateModified\":\"2026-01-08T14:34:52+00:00\",\"mainEntityOfPage\":{\"@id\":\"https:\/\/peracell.com\/aislamiento-acustico-con-planchas-de-polietileno\/\"},\"wordCount\":368,\"commentCount\":0,\"publisher\":{\"@id\":\"https:\/\/peracell.com\/#organization\"},\"image\":{\"@id\":\"https:\/\/peracell.com\/aislamiento-acustico-con-planchas-de-polietileno\/#primaryimage\"},\"thumbnailUrl\":\"https:\/\/peracell.com\/wp-content\/uploads\/2025\/05\/aislamiento-acustico-pabellon.png\",\"articleSection\":[\"Aislamientos\"],\"inLanguage\":\"fr-FR\",\"potentialAction\":[{\"@type\":\"CommentAction\",\"name\":\"Comment\",\"target\":[\"https:\/\/peracell.com\/aislamiento-acustico-con-planchas-de-polietileno\/#respond\"]}]},{\"@type\":\"WebPage\",\"@id\":\"https:\/\/peracell.com\/aislamiento-acustico-con-planchas-de-polietileno\/\",\"url\":\"https:\/\/peracell.com\/aislamiento-acustico-con-planchas-de-polietileno\/\",\"name\":\"Isolation acoustique avec des panneaux en poly\u00e9thyl\u00e8ne - Peracell\",\"isPartOf\":{\"@id\":\"https:\/\/peracell.com\/#website\"},\"primaryImageOfPage\":{\"@id\":\"https:\/\/peracell.com\/aislamiento-acustico-con-planchas-de-polietileno\/#primaryimage\"},\"image\":{\"@id\":\"https:\/\/peracell.com\/aislamiento-acustico-con-planchas-de-polietileno\/#primaryimage\"},\"thumbnailUrl\":\"https:\/\/peracell.com\/wp-content\/uploads\/2025\/05\/aislamiento-acustico-pabellon.png\",\"datePublished\":\"2025-05-07T16:33:36+00:00\",\"dateModified\":\"2026-01-08T14:34:52+00:00\",\"breadcrumb\":{\"@id\":\"https:\/\/peracell.com\/aislamiento-acustico-con-planchas-de-polietileno\/#breadcrumb\"},\"inLanguage\":\"fr-FR\",\"potentialAction\":[{\"@type\":\"ReadAction\",\"target\":[\"https:\/\/peracell.com\/aislamiento-acustico-con-planchas-de-polietileno\/\"]}]},{\"@type\":\"ImageObject\",\"inLanguage\":\"fr-FR\",\"@id\":\"https:\/\/peracell.com\/aislamiento-acustico-con-planchas-de-polietileno\/#primaryimage\",\"url\":\"https:\/\/peracell.com\/wp-content\/uploads\/2025\/05\/aislamiento-acustico-pabellon.png\",\"contentUrl\":\"https:\/\/peracell.com\/wp-content\/uploads\/2025\/05\/aislamiento-acustico-pabellon.png\",\"width\":2400,\"height\":1600,\"caption\":\"aislamiento ac\u00fastico pabellon\"},{\"@type\":\"BreadcrumbList\",\"@id\":\"https:\/\/peracell.com\/aislamiento-acustico-con-planchas-de-polietileno\/#breadcrumb\",\"itemListElement\":[{\"@type\":\"ListItem\",\"position\":1,\"name\":\"Portada\",\"item\":\"https:\/\/peracell.com\/\"},{\"@type\":\"ListItem\",\"position\":2,\"name\":\"Isolation acoustique avec des panneaux en poly\u00e9thyl\u00e8ne\"}]},{\"@type\":\"WebSite\",\"@id\":\"https:\/\/peracell.com\/#website\",\"url\":\"https:\/\/peracell.com\/\",\"name\":\"Peracell\",\"description\":\"Foam solutions and Adhesive tapes\",\"publisher\":{\"@id\":\"https:\/\/peracell.com\/#organization\"},\"potentialAction\":[{\"@type\":\"SearchAction\",\"target\":{\"@type\":\"EntryPoint\",\"urlTemplate\":\"https:\/\/peracell.com\/?s={search_term_string}\"},\"query-input\":{\"@type\":\"PropertyValueSpecification\",\"valueRequired\":true,\"valueName\":\"search_term_string\"}}],\"inLanguage\":\"fr-FR\"},{\"@type\":\"Organization\",\"@id\":\"https:\/\/peracell.com\/#organization\",\"name\":\"Peracell\",\"url\":\"https:\/\/peracell.com\/\",\"logo\":{\"@type\":\"ImageObject\",\"inLanguage\":\"fr-FR\",\"@id\":\"https:\/\/peracell.com\/#\/schema\/logo\/image\/\",\"url\":\"https:\/\/peracell.com\/wp-content\/uploads\/2025\/09\/isotip-peracell.png\",\"contentUrl\":\"https:\/\/peracell.com\/wp-content\/uploads\/2025\/09\/isotip-peracell.png\",\"width\":143,\"height\":143,\"caption\":\"Peracell\"},\"image\":{\"@id\":\"https:\/\/peracell.com\/#\/schema\/logo\/image\/\"}},{\"@type\":\"Person\",\"@id\":\"https:\/\/peracell.com\/#\/schema\/person\/ecbc91b01793d1b2b2319a8781fec8e9\",\"name\":\"Avantiam\",\"image\":{\"@type\":\"ImageObject\",\"inLanguage\":\"fr-FR\",\"@id\":\"https:\/\/peracell.com\/#\/schema\/person\/image\/\",\"url\":\"https:\/\/peracell.com\/wp-content\/litespeed\/avatar\/72fb663c5e54b3be5e76eaaf25b26788.jpg?ver=1787922576\",\"contentUrl\":\"https:\/\/peracell.com\/wp-content\/litespeed\/avatar\/72fb663c5e54b3be5e76eaaf25b26788.jpg?ver=1787922576\",\"caption\":\"Avantiam\"},\"sameAs\":[\"https:\/\/peracell.com\/\"],\"url\":\"https:\/\/peracell.com\/fr\/author\/avantiam\/\"}]}<\/script>\n<!-- \/ Yoast SEO plugin. -->","yoast_head_json":{"title":"Isolation acoustique avec des panneaux en poly\u00e9thyl\u00e8ne - Peracell","robots":{"index":"index","follow":"follow","max-snippet":"max-snippet:-1","max-image-preview":"max-image-preview:large","max-video-preview":"max-video-preview:-1"},"canonical":"https:\/\/peracell.com\/aislamiento-acustico-con-planchas-de-polietileno\/","og_locale":"fr_FR","og_type":"article","og_title":"Isolation acoustique avec des panneaux en poly\u00e9thyl\u00e8ne - Peracell","og_description":"Isolation acoustique avec des panneaux en poly\u00e9thyl\u00e8ne L\u2019am\u00e9lioration de l\u2019acoustique dans les grands espaces est essentielle pour le confort des utilisateurs. Dans ce projet, Peracell a particip\u00e9 \u00e0 l\u2019am\u00e9lioration acoustique d\u2019un pavillon municipal au moyen de panneaux d\u2019isolation acoustique en poly\u00e9thyl\u00e8ne, une solution technique efficace, l\u00e9g\u00e8re et particuli\u00e8rement adapt\u00e9e aux grands volumes. Origine du projet&hellip;","og_url":"https:\/\/peracell.com\/aislamiento-acustico-con-planchas-de-polietileno\/","og_site_name":"Peracell","article_published_time":"2025-05-07T16:33:36+00:00","article_modified_time":"2026-01-08T14:34:52+00:00","og_image":[{"width":2400,"height":1600,"url":"https:\/\/peracell.com\/wp-content\/uploads\/2025\/05\/aislamiento-acustico-pabellon.png","type":"image\/png"}],"author":"Avantiam","twitter_card":"summary_large_image","twitter_misc":{"\u00c9crit par":"Avantiam","Dur\u00e9e de lecture estim\u00e9e":"2 minutes"},"schema":{"@context":"https:\/\/schema.org","@graph":[{"@type":"Article","@id":"https:\/\/peracell.com\/aislamiento-acustico-con-planchas-de-polietileno\/#article","isPartOf":{"@id":"https:\/\/peracell.com\/aislamiento-acustico-con-planchas-de-polietileno\/"},"author":{"name":"Avantiam","@id":"https:\/\/peracell.com\/#\/schema\/person\/ecbc91b01793d1b2b2319a8781fec8e9"},"headline":"Isolation acoustique avec des panneaux en poly\u00e9thyl\u00e8ne","datePublished":"2025-05-07T16:33:36+00:00","dateModified":"2026-01-08T14:34:52+00:00","mainEntityOfPage":{"@id":"https:\/\/peracell.com\/aislamiento-acustico-con-planchas-de-polietileno\/"},"wordCount":368,"commentCount":0,"publisher":{"@id":"https:\/\/peracell.com\/#organization"},"image":{"@id":"https:\/\/peracell.com\/aislamiento-acustico-con-planchas-de-polietileno\/#primaryimage"},"thumbnailUrl":"https:\/\/peracell.com\/wp-content\/uploads\/2025\/05\/aislamiento-acustico-pabellon.png","articleSection":["Aislamientos"],"inLanguage":"fr-FR","potentialAction":[{"@type":"CommentAction","name":"Comment","target":["https:\/\/peracell.com\/aislamiento-acustico-con-planchas-de-polietileno\/#respond"]}]},{"@type":"WebPage","@id":"https:\/\/peracell.com\/aislamiento-acustico-con-planchas-de-polietileno\/","url":"https:\/\/peracell.com\/aislamiento-acustico-con-planchas-de-polietileno\/","name":"Isolation acoustique avec des panneaux en poly\u00e9thyl\u00e8ne - Peracell","isPartOf":{"@id":"https:\/\/peracell.com\/#website"},"primaryImageOfPage":{"@id":"https:\/\/peracell.com\/aislamiento-acustico-con-planchas-de-polietileno\/#primaryimage"},"image":{"@id":"https:\/\/peracell.com\/aislamiento-acustico-con-planchas-de-polietileno\/#primaryimage"},"thumbnailUrl":"https:\/\/peracell.com\/wp-content\/uploads\/2025\/05\/aislamiento-acustico-pabellon.png","datePublished":"2025-05-07T16:33:36+00:00","dateModified":"2026-01-08T14:34:52+00:00","breadcrumb":{"@id":"https:\/\/peracell.com\/aislamiento-acustico-con-planchas-de-polietileno\/#breadcrumb"},"inLanguage":"fr-FR","potentialAction":[{"@type":"ReadAction","target":["https:\/\/peracell.com\/aislamiento-acustico-con-planchas-de-polietileno\/"]}]},{"@type":"ImageObject","inLanguage":"fr-FR","@id":"https:\/\/peracell.com\/aislamiento-acustico-con-planchas-de-polietileno\/#primaryimage","url":"https:\/\/peracell.com\/wp-content\/uploads\/2025\/05\/aislamiento-acustico-pabellon.png","contentUrl":"https:\/\/peracell.com\/wp-content\/uploads\/2025\/05\/aislamiento-acustico-pabellon.png","width":2400,"height":1600,"caption":"aislamiento ac\u00fastico pabellon"},{"@type":"BreadcrumbList","@id":"https:\/\/peracell.com\/aislamiento-acustico-con-planchas-de-polietileno\/#breadcrumb","itemListElement":[{"@type":"ListItem","position":1,"name":"Portada","item":"https:\/\/peracell.com\/"},{"@type":"ListItem","position":2,"name":"Isolation acoustique avec des panneaux en poly\u00e9thyl\u00e8ne"}]},{"@type":"WebSite","@id":"https:\/\/peracell.com\/#website","url":"https:\/\/peracell.com\/","name":"Peracell","description":"Foam solutions and Adhesive tapes","publisher":{"@id":"https:\/\/peracell.com\/#organization"},"potentialAction":[{"@type":"SearchAction","target":{"@type":"EntryPoint","urlTemplate":"https:\/\/peracell.com\/?s={search_term_string}"},"query-input":{"@type":"PropertyValueSpecification","valueRequired":true,"valueName":"search_term_string"}}],"inLanguage":"fr-FR"},{"@type":"Organization","@id":"https:\/\/peracell.com\/#organization","name":"Peracell","url":"https:\/\/peracell.com\/","logo":{"@type":"ImageObject","inLanguage":"fr-FR","@id":"https:\/\/peracell.com\/#\/schema\/logo\/image\/","url":"https:\/\/peracell.com\/wp-content\/uploads\/2025\/09\/isotip-peracell.png","contentUrl":"https:\/\/peracell.com\/wp-content\/uploads\/2025\/09\/isotip-peracell.png","width":143,"height":143,"caption":"Peracell"},"image":{"@id":"https:\/\/peracell.com\/#\/schema\/logo\/image\/"}},{"@type":"Person","@id":"https:\/\/peracell.com\/#\/schema\/person\/ecbc91b01793d1b2b2319a8781fec8e9","name":"Avantiam","image":{"@type":"ImageObject","inLanguage":"fr-FR","@id":"https:\/\/peracell.com\/#\/schema\/person\/image\/","url":"https:\/\/peracell.com\/wp-content\/litespeed\/avatar\/72fb663c5e54b3be5e76eaaf25b26788.jpg?ver=1787922576","contentUrl":"https:\/\/peracell.com\/wp-content\/litespeed\/avatar\/72fb663c5e54b3be5e76eaaf25b26788.jpg?ver=1787922576","caption":"Avantiam"},"sameAs":["https:\/\/peracell.com\/"],"url":"https:\/\/peracell.com\/fr\/author\/avantiam\/"}]}},"_links":{"self":[{"href":"https:\/\/peracell.com\/fr\/wp-json\/wp\/v2\/posts\/24805","targetHints":{"allow":["GET"]}}],"collection":[{"href":"https:\/\/peracell.com\/fr\/wp-json\/wp\/v2\/posts"}],"about":[{"href":"https:\/\/peracell.com\/fr\/wp-json\/wp\/v2\/types\/post"}],"author":[{"embeddable":true,"href":"https:\/\/peracell.com\/fr\/wp-json\/wp\/v2\/users\/1"}],"replies":[{"embeddable":true,"href":"https:\/\/peracell.com\/fr\/wp-json\/wp\/v2\/comments?post=24805"}],"version-history":[{"count":1,"href":"https:\/\/peracell.com\/fr\/wp-json\/wp\/v2\/posts\/24805\/revisions"}],"predecessor-version":[{"id":24806,"href":"https:\/\/peracell.com\/fr\/wp-json\/wp\/v2\/posts\/24805\/revisions\/24806"}],"wp:featuredmedia":[{"embeddable":true,"href":"https:\/\/peracell.com\/fr\/wp-json\/wp\/v2\/media\/24533"}],"wp:attachment":[{"href":"https:\/\/peracell.com\/fr\/wp-json\/wp\/v2\/media?parent=24805"}],"wp:term":[{"taxonomy":"category","embeddable":true,"href":"https:\/\/peracell.com\/fr\/wp-json\/wp\/v2\/categories?post=24805"},{"taxonomy":"post_tag","embeddable":true,"href":"https:\/\/peracell.com\/fr\/wp-json\/wp\/v2\/tags?post=24805"}],"curies":[{"name":"wp","href":"https:\/\/api.w.org\/{rel}","templated":true}]}}