{"id":24814,"date":"2025-05-08T06:00:25","date_gmt":"2025-05-08T04:00:25","guid":{"rendered":"https:\/\/peracell.com\/2025\/05\/08\/refoprotect-aglomerado-de-polietileno-reticulado-para-isolamento-de-lajes\/"},"modified":"2026-01-08T15:48:40","modified_gmt":"2026-01-08T14:48:40","slug":"refoprotect-aglomerado-de-polietileno-reticulado-para-isolamento-de-lajes","status":"publish","type":"post","link":"https:\/\/peracell.com\/pt-pt\/refoprotect-aglomerado-de-polietileno-reticulado-para-isolamento-de-lajes\/","title":{"rendered":"REFOPROTECT: Aglomerado de polietileno reticulado para isolamento de lajes"},"content":{"rendered":"\t\t<div data-elementor-type=\"wp-post\" data-elementor-id=\"24814\" class=\"elementor elementor-24814 elementor-728\" data-elementor-post-type=\"post\">\n\t\t\t\t<div class=\"elementor-element elementor-element-818dcd6 e-con-full e-flex e-con e-parent\" data-id=\"818dcd6\" data-element_type=\"container\" data-e-type=\"container\">\n\t\t<div class=\"elementor-element elementor-element-ceeff53 e-con-full e-flex e-con e-child\" data-id=\"ceeff53\" data-element_type=\"container\" data-e-type=\"container\">\n\t\t\t\t<div class=\"elementor-element elementor-element-afd12bc elementor-widget elementor-widget-the7-heading\" data-id=\"afd12bc\" data-element_type=\"widget\" data-e-type=\"widget\" data-widget_type=\"the7-heading.default\">\n\t\t\t\t<div class=\"elementor-widget-container\">\n\t\t\t\t\t<h3 class=\"the7-heading-title elementor-size-default\">REFOPROTECT: Aglomerado de polietileno reticulado para isolamento de lajes<\/h3>\t\t\t\t<\/div>\n\t\t\t\t<\/div>\n\t\t\t\t<div class=\"elementor-element elementor-element-710b022 elementor-widget elementor-widget-text-editor\" data-id=\"710b022\" data-element_type=\"widget\" data-e-type=\"widget\" data-widget_type=\"text-editor.default\">\n\t\t\t\t\t\t\t\t\t<p>O REFOPROTECT \u00e9 um aglomerado de polietileno reticulado de c\u00e9lulas fechadas, concebido para o isolamento de lajes em projetos de constru\u00e7\u00e3o de elevada exig\u00eancia. Este material foi fornecido em tro\u00e7os construtivos dos metros de Mil\u00e3o e de Paris, onde as suas propriedades t\u00e9cnicas s\u00e3o cruciais para a durabilidade e o conforto das instala\u00e7\u00f5es. <\/p>\t\t\t\t\t\t\t\t<\/div>\n\t\t\t\t<\/div>\n\t\t<div class=\"elementor-element elementor-element-3e6b67a e-grid e-con-full e-con e-child\" data-id=\"3e6b67a\" data-element_type=\"container\" data-e-type=\"container\">\n\t\t\t\t<div class=\"elementor-element elementor-element-baf0475 content-align-left the7-hover-visibility-disabled preserve-img-ratio-cover transform-overlay-yes exceeding-frame-yes elementor-widget elementor-widget-the7-image-widget\" data-id=\"baf0475\" data-element_type=\"widget\" data-e-type=\"widget\" data-settings=\"{&quot;hover_visibility&quot;:&quot;disabled&quot;}\" data-widget_type=\"the7-image-widget.default\">\n\t\t\t\t<div class=\"elementor-widget-container\">\n\t\t\t\t\t<div class=\"the7-image-container\"><div class=\"the7-image-wrapper the7-elementor-widget the7-transform-container\"><div class=\"post-thumbnail-rollover layzr-bg img-css-resize-wrapper\"><img fetchpriority=\"high\" decoding=\"async\" width=\"1600\" height=\"2400\" src=\"data:image\/svg+xml,%3Csvg%20xmlns%3D&#039;http%3A%2F%2Fwww.w3.org%2F2000%2Fsvg&#039;%20viewBox%3D&#039;0%200%201600%202400&#039;%2F%3E\" class=\"attachment-full size-full preload-me aspect lazy lazy-load\" alt=\"\" sizes=\"(max-width: 1600px) 100vw, 1600px\" style=\"--ratio: 1600 \/ 2400;\" data-src=\"https:\/\/peracell.com\/wp-content\/uploads\/2022\/11\/el-c-v-044.jpg\" loading=\"eager\" data-srcset=\"https:\/\/peracell.com\/wp-content\/uploads\/2022\/11\/el-c-v-044.jpg 1600w, https:\/\/peracell.com\/wp-content\/uploads\/2022\/11\/el-c-v-044-200x300.jpg 200w, https:\/\/peracell.com\/wp-content\/uploads\/2022\/11\/el-c-v-044-683x1024.jpg 683w, https:\/\/peracell.com\/wp-content\/uploads\/2022\/11\/el-c-v-044-768x1152.jpg 768w, https:\/\/peracell.com\/wp-content\/uploads\/2022\/11\/el-c-v-044-1024x1536.jpg 1024w, https:\/\/peracell.com\/wp-content\/uploads\/2022\/11\/el-c-v-044-1365x2048.jpg 1365w, https:\/\/peracell.com\/wp-content\/uploads\/2022\/11\/el-c-v-044-1000x1500.jpg 1000w\" \/><\/div><\/div><\/div>\t\t\t\t<\/div>\n\t\t\t\t<\/div>\n\t\t\t\t<div class=\"elementor-element elementor-element-e5d6f8c content-align-left the7-hover-visibility-disabled preserve-img-ratio-cover transform-overlay-yes exceeding-frame-yes elementor-widget elementor-widget-the7-image-widget\" data-id=\"e5d6f8c\" data-element_type=\"widget\" data-e-type=\"widget\" data-settings=\"{&quot;hover_visibility&quot;:&quot;disabled&quot;}\" data-widget_type=\"the7-image-widget.default\">\n\t\t\t\t<div class=\"elementor-widget-container\">\n\t\t\t\t\t<div class=\"the7-image-container\"><div class=\"the7-image-wrapper the7-elementor-widget the7-transform-container\"><div class=\"post-thumbnail-rollover layzr-bg img-css-resize-wrapper\"><img decoding=\"async\" width=\"1600\" height=\"2400\" src=\"data:image\/svg+xml,%3Csvg%20xmlns%3D&#039;http%3A%2F%2Fwww.w3.org%2F2000%2Fsvg&#039;%20viewBox%3D&#039;0%200%201600%202400&#039;%2F%3E\" class=\"attachment-full size-full preload-me aspect lazy lazy-load\" alt=\"\" sizes=\"(max-width: 1600px) 100vw, 1600px\" style=\"--ratio: 1600 \/ 2400;\" data-src=\"https:\/\/peracell.com\/wp-content\/uploads\/2022\/11\/el-c-v-033.jpg\" loading=\"eager\" data-srcset=\"https:\/\/peracell.com\/wp-content\/uploads\/2022\/11\/el-c-v-033.jpg 1600w, https:\/\/peracell.com\/wp-content\/uploads\/2022\/11\/el-c-v-033-200x300.jpg 200w, https:\/\/peracell.com\/wp-content\/uploads\/2022\/11\/el-c-v-033-683x1024.jpg 683w, https:\/\/peracell.com\/wp-content\/uploads\/2022\/11\/el-c-v-033-768x1152.jpg 768w, https:\/\/peracell.com\/wp-content\/uploads\/2022\/11\/el-c-v-033-1024x1536.jpg 1024w, https:\/\/peracell.com\/wp-content\/uploads\/2022\/11\/el-c-v-033-1365x2048.jpg 1365w, https:\/\/peracell.com\/wp-content\/uploads\/2022\/11\/el-c-v-033-1000x1500.jpg 1000w\" \/><\/div><\/div><\/div>\t\t\t\t<\/div>\n\t\t\t\t<\/div>\n\t\t\t\t<\/div>\n\t\t<div class=\"elementor-element elementor-element-97f2739 e-con-full e-flex e-con e-child\" data-id=\"97f2739\" data-element_type=\"container\" data-e-type=\"container\">\n\t\t\t\t<div class=\"elementor-element elementor-element-ab271da elementor-widget elementor-widget-the7-heading\" data-id=\"ab271da\" data-element_type=\"widget\" data-e-type=\"widget\" data-widget_type=\"the7-heading.default\">\n\t\t\t\t<div class=\"elementor-widget-container\">\n\t\t\t\t\t<h3 class=\"the7-heading-title elementor-size-default\">Caracter\u00edsticas-chave<\/h3>\t\t\t\t<\/div>\n\t\t\t\t<\/div>\n\t\t\t\t<div class=\"elementor-element elementor-element-ccf2ee9 elementor-widget elementor-widget-text-editor\" data-id=\"ccf2ee9\" data-element_type=\"widget\" data-e-type=\"widget\" data-widget_type=\"text-editor.default\">\n\t\t\t\t\t\t\t\t\t<ul><li>Redu\u00e7\u00e3o de impactos: melhoria significativa do conforto ac\u00fastico e vibrat\u00f3rio das lajes<\/li><li>Estrutura de c\u00e9lulas fechadas: n\u00e3o absorve humidade, garantindo estabilidade e durabilidade durante a constru\u00e7\u00e3o e ap\u00f3s a sua conclus\u00e3o<\/li><li>100% reciclado e de origem 100% europeia, garantindo rastreabilidade e sustentabilidade<\/li><li>Leve e f\u00e1cil de manusear, adequado para obras de grande escala<\/li><\/ul>\t\t\t\t\t\t\t\t<\/div>\n\t\t\t\t<\/div>\n\t\t<div class=\"elementor-element elementor-element-c42394c e-con-full e-flex e-con e-child\" data-id=\"c42394c\" data-element_type=\"container\" data-e-type=\"container\">\n\t\t\t\t<div class=\"elementor-element elementor-element-77b4e73 elementor-widget elementor-widget-the7-heading\" data-id=\"77b4e73\" data-element_type=\"widget\" data-e-type=\"widget\" data-widget_type=\"the7-heading.default\">\n\t\t\t\t<div class=\"elementor-widget-container\">\n\t\t\t\t\t<h3 class=\"the7-heading-title elementor-size-default\">Aplica\u00e7\u00f5es<\/h3>\t\t\t\t<\/div>\n\t\t\t\t<\/div>\n\t\t\t\t<div class=\"elementor-element elementor-element-774ea78 elementor-widget elementor-widget-text-editor\" data-id=\"774ea78\" data-element_type=\"widget\" data-e-type=\"widget\" data-widget_type=\"text-editor.default\">\n\t\t\t\t\t\t\t\t\t<ul><li>Isolamento de lajes em metros e constru\u00e7\u00f5es subterr\u00e2neas<\/li><li><strong>Projetos com elevada exig\u00eancia ac\u00fastica e vibrat\u00f3ria<\/strong><\/li><li>Solu\u00e7\u00f5es construtivas onde o uso de materiais reciclados e sustent\u00e1veis \u00e9 valorizado e exigido<\/li><\/ul>\t\t\t\t\t\t\t\t<\/div>\n\t\t\t\t<\/div>\n\t\t<div class=\"elementor-element elementor-element-04d569a e-con-full e-flex e-con e-child\" data-id=\"04d569a\" data-element_type=\"container\" data-e-type=\"container\">\n\t\t\t\t<div class=\"elementor-element elementor-element-aeaa021 elementor-widget elementor-widget-the7-heading\" data-id=\"aeaa021\" data-element_type=\"widget\" data-e-type=\"widget\" data-widget_type=\"the7-heading.default\">\n\t\t\t\t<div class=\"elementor-widget-container\">\n\t\t\t\t\t<h3 class=\"the7-heading-title elementor-size-default\">Vantagens<\/h3>\t\t\t\t<\/div>\n\t\t\t\t<\/div>\n\t\t\t\t<div class=\"elementor-element elementor-element-1c3e4b6 elementor-widget elementor-widget-text-editor\" data-id=\"1c3e4b6\" data-element_type=\"widget\" data-e-type=\"widget\" data-widget_type=\"text-editor.default\">\n\t\t\t\t\t\t\t\t\t<ul><li>Redu\u00e7\u00e3o eficaz de impactos e vibra\u00e7\u00f5es<\/li><li>Prote\u00e7\u00e3o da estrutura contra a humidade e a degrada\u00e7\u00e3o<\/li><li>Instala\u00e7\u00e3o eficiente e segura em projetos urbanos complexos<\/li><\/ul>\t\t\t\t\t\t\t\t<\/div>\n\t\t\t\t<\/div>\n\t\t<div class=\"elementor-element elementor-element-2556002 e-grid e-con-full e-con e-child\" data-id=\"2556002\" data-element_type=\"container\" data-e-type=\"container\">\n\t\t\t\t<div class=\"elementor-element elementor-element-aa8f76c content-align-left the7-hover-visibility-disabled preserve-img-ratio-cover transform-overlay-yes exceeding-frame-yes elementor-widget elementor-widget-the7-image-widget\" data-id=\"aa8f76c\" data-element_type=\"widget\" data-e-type=\"widget\" data-settings=\"{&quot;hover_visibility&quot;:&quot;disabled&quot;}\" data-widget_type=\"the7-image-widget.default\">\n\t\t\t\t<div class=\"elementor-widget-container\">\n\t\t\t\t\t<div class=\"the7-image-container\"><div class=\"the7-image-wrapper the7-elementor-widget the7-transform-container\"><div class=\"post-thumbnail-rollover layzr-bg img-css-resize-wrapper\"><img decoding=\"async\" width=\"1600\" height=\"2400\" src=\"data:image\/svg+xml,%3Csvg%20xmlns%3D&#039;http%3A%2F%2Fwww.w3.org%2F2000%2Fsvg&#039;%20viewBox%3D&#039;0%200%201600%202400&#039;%2F%3E\" class=\"attachment-full size-full preload-me aspect lazy lazy-load\" alt=\"\" sizes=\"(max-width: 1600px) 100vw, 1600px\" style=\"--ratio: 1600 \/ 2400;\" data-src=\"https:\/\/peracell.com\/wp-content\/uploads\/2022\/03\/el-c-v-021.jpg\" loading=\"eager\" data-srcset=\"https:\/\/peracell.com\/wp-content\/uploads\/2022\/03\/el-c-v-021.jpg 1600w, https:\/\/peracell.com\/wp-content\/uploads\/2022\/03\/el-c-v-021-200x300.jpg 200w, https:\/\/peracell.com\/wp-content\/uploads\/2022\/03\/el-c-v-021-683x1024.jpg 683w, https:\/\/peracell.com\/wp-content\/uploads\/2022\/03\/el-c-v-021-768x1152.jpg 768w, https:\/\/peracell.com\/wp-content\/uploads\/2022\/03\/el-c-v-021-1024x1536.jpg 1024w, https:\/\/peracell.com\/wp-content\/uploads\/2022\/03\/el-c-v-021-1365x2048.jpg 1365w, https:\/\/peracell.com\/wp-content\/uploads\/2022\/03\/el-c-v-021-1000x1500.jpg 1000w\" \/><\/div><\/div><\/div>\t\t\t\t<\/div>\n\t\t\t\t<\/div>\n\t\t\t\t<div class=\"elementor-element elementor-element-8dfc900 content-align-left the7-hover-visibility-disabled preserve-img-ratio-cover transform-overlay-yes exceeding-frame-yes elementor-widget elementor-widget-the7-image-widget\" data-id=\"8dfc900\" data-element_type=\"widget\" data-e-type=\"widget\" data-settings=\"{&quot;hover_visibility&quot;:&quot;disabled&quot;}\" data-widget_type=\"the7-image-widget.default\">\n\t\t\t\t<div class=\"elementor-widget-container\">\n\t\t\t\t\t<div class=\"the7-image-container\"><div class=\"the7-image-wrapper the7-elementor-widget the7-transform-container\"><div class=\"post-thumbnail-rollover layzr-bg img-css-resize-wrapper\"><img decoding=\"async\" width=\"1600\" height=\"2400\" src=\"data:image\/svg+xml,%3Csvg%20xmlns%3D&#039;http%3A%2F%2Fwww.w3.org%2F2000%2Fsvg&#039;%20viewBox%3D&#039;0%200%201600%202400&#039;%2F%3E\" class=\"attachment-full size-full preload-me aspect lazy lazy-load\" alt=\"\" sizes=\"(max-width: 1600px) 100vw, 1600px\" style=\"--ratio: 1600 \/ 2400;\" data-src=\"https:\/\/peracell.com\/wp-content\/uploads\/2020\/04\/el-c-v-026.jpg\" loading=\"eager\" data-srcset=\"https:\/\/peracell.com\/wp-content\/uploads\/2020\/04\/el-c-v-026.jpg 1600w, https:\/\/peracell.com\/wp-content\/uploads\/2020\/04\/el-c-v-026-200x300.jpg 200w, https:\/\/peracell.com\/wp-content\/uploads\/2020\/04\/el-c-v-026-683x1024.jpg 683w, https:\/\/peracell.com\/wp-content\/uploads\/2020\/04\/el-c-v-026-768x1152.jpg 768w, https:\/\/peracell.com\/wp-content\/uploads\/2020\/04\/el-c-v-026-1024x1536.jpg 1024w, https:\/\/peracell.com\/wp-content\/uploads\/2020\/04\/el-c-v-026-1365x2048.jpg 1365w, https:\/\/peracell.com\/wp-content\/uploads\/2020\/04\/el-c-v-026-1000x1500.jpg 1000w\" \/><\/div><\/div><\/div>\t\t\t\t<\/div>\n\t\t\t\t<\/div>\n\t\t\t\t<\/div>\n\t\t<div class=\"elementor-element elementor-element-0782624 e-con-full e-flex e-con e-child\" data-id=\"0782624\" data-element_type=\"container\" data-e-type=\"container\">\n\t\t\t\t<div class=\"elementor-element elementor-element-6a7793c elementor-widget elementor-widget-the7-heading\" data-id=\"6a7793c\" data-element_type=\"widget\" data-e-type=\"widget\" data-widget_type=\"the7-heading.default\">\n\t\t\t\t<div class=\"elementor-widget-container\">\n\t\t\t\t\t<h3 class=\"the7-heading-title elementor-size-default\">Conclus\u00e3o<\/h3>\t\t\t\t<\/div>\n\t\t\t\t<\/div>\n\t\t\t\t<div class=\"elementor-element elementor-element-052a9ed elementor-widget elementor-widget-text-editor\" data-id=\"052a9ed\" data-element_type=\"widget\" data-e-type=\"widget\" data-widget_type=\"text-editor.default\">\n\t\t\t\t\t\t\t\t\t<p>O aglomerado de polietileno reticulado (REFOPROTECT) \u00e9 uma solu\u00e7\u00e3o t\u00e9cnica em crescimento na Europa, combinando elevada efici\u00eancia no isolamento de impactos, resist\u00eancia \u00e0 humidade e sustentabilidade, consolidando-se como material de refer\u00eancia para projetos de transporte subterr\u00e2neo e constru\u00e7\u00e3o de lajes de alto desempenho.<\/p>\t\t\t\t\t\t\t\t<\/div>\n\t\t\t\t<div class=\"elementor-element elementor-element-97837bf elementor-widget elementor-widget-the7_button_widget\" data-id=\"97837bf\" data-element_type=\"widget\" data-e-type=\"widget\" data-widget_type=\"the7_button_widget.default\">\n\t\t\t\t<div class=\"elementor-widget-container\">\n\t\t\t\t\t<div class=\"elementor-button-wrapper\"><a href=\"#\" class=\"box-button elementor-button elementor-size-md\">Visitar o site oficial<\/a><\/div>\t\t\t\t<\/div>\n\t\t\t\t<\/div>\n\t\t\t\t<\/div>\n\t\t\t\t<\/div>\n\t\t\t\t<\/div>\n\t\t","protected":false},"excerpt":{"rendered":"<p>REFOPROTECT: Aglomerado de polietileno reticulado para isolamento de lajes O REFOPROTECT \u00e9 um aglomerado de polietileno reticulado de c\u00e9lulas fechadas, concebido para o isolamento de lajes em projetos de constru\u00e7\u00e3o de elevada exig\u00eancia. Este material foi fornecido em tro\u00e7os construtivos dos metros de Mil\u00e3o e de Paris, onde as suas propriedades t\u00e9cnicas s\u00e3o cruciais para&hellip;<\/p>\n","protected":false},"author":1,"featured_media":24889,"comment_status":"open","ping_status":"open","sticky":false,"template":"","format":"standard","meta":{"footnotes":""},"categories":[],"tags":[222],"class_list":["post-24814","post","type-post","status-publish","format-standard","has-post-thumbnail","hentry","tag-featured-pt-pt"],"yoast_head":"<!-- This site is optimized with the Yoast SEO plugin v26.9 - https:\/\/yoast.com\/product\/yoast-seo-wordpress\/ -->\n<title>REFOPROTECT: Aglomerado de polietileno reticulado para isolamento de lajes - Peracell<\/title>\n<meta name=\"robots\" content=\"index, follow, max-snippet:-1, max-image-preview:large, max-video-preview:-1\" \/>\n<link rel=\"canonical\" href=\"https:\/\/peracell.com\/aglomerado-de-polietileno-reticulado-para-aislamiento-de-soleras\/\" \/>\n<meta property=\"og:locale\" content=\"pt_PT\" \/>\n<meta property=\"og:type\" content=\"article\" \/>\n<meta property=\"og:title\" content=\"REFOPROTECT: Aglomerado de polietileno reticulado para isolamento de lajes - Peracell\" \/>\n<meta property=\"og:description\" content=\"REFOPROTECT: Aglomerado de polietileno reticulado para isolamento de lajes O REFOPROTECT \u00e9 um aglomerado de polietileno reticulado de c\u00e9lulas fechadas, concebido para o isolamento de lajes em projetos de constru\u00e7\u00e3o de elevada exig\u00eancia. Este material foi fornecido em tro\u00e7os construtivos dos metros de Mil\u00e3o e de Paris, onde as suas propriedades t\u00e9cnicas s\u00e3o cruciais para&hellip;\" \/>\n<meta property=\"og:url\" content=\"https:\/\/peracell.com\/aglomerado-de-polietileno-reticulado-para-aislamiento-de-soleras\/\" \/>\n<meta property=\"og:site_name\" content=\"Peracell\" \/>\n<meta property=\"article:published_time\" content=\"2025-05-08T04:00:25+00:00\" \/>\n<meta property=\"article:modified_time\" content=\"2026-01-08T14:48:40+00:00\" \/>\n<meta property=\"og:image\" content=\"https:\/\/peracell.com\/wp-content\/uploads\/2025\/05\/Fotos-blog-portada-1.png\" \/>\n\t<meta property=\"og:image:width\" content=\"2400\" \/>\n\t<meta property=\"og:image:height\" content=\"1600\" \/>\n\t<meta property=\"og:image:type\" content=\"image\/png\" \/>\n<meta name=\"author\" content=\"Avantiam\" \/>\n<meta name=\"twitter:card\" content=\"summary_large_image\" \/>\n<meta name=\"twitter:label1\" content=\"Escrito por\" \/>\n\t<meta name=\"twitter:data1\" content=\"Avantiam\" \/>\n\t<meta name=\"twitter:label2\" content=\"Tempo estimado de leitura\" \/>\n\t<meta name=\"twitter:data2\" content=\"1 minuto\" \/>\n<script type=\"application\/ld+json\" class=\"yoast-schema-graph\">{\"@context\":\"https:\/\/schema.org\",\"@graph\":[{\"@type\":\"Article\",\"@id\":\"https:\/\/peracell.com\/aglomerado-de-polietileno-reticulado-para-aislamiento-de-soleras\/#article\",\"isPartOf\":{\"@id\":\"https:\/\/peracell.com\/aglomerado-de-polietileno-reticulado-para-aislamiento-de-soleras\/\"},\"author\":{\"name\":\"Avantiam\",\"@id\":\"https:\/\/peracell.com\/#\/schema\/person\/ecbc91b01793d1b2b2319a8781fec8e9\"},\"headline\":\"REFOPROTECT: Aglomerado de polietileno reticulado para isolamento de lajes\",\"datePublished\":\"2025-05-08T04:00:25+00:00\",\"dateModified\":\"2026-01-08T14:48:40+00:00\",\"mainEntityOfPage\":{\"@id\":\"https:\/\/peracell.com\/aglomerado-de-polietileno-reticulado-para-aislamiento-de-soleras\/\"},\"wordCount\":260,\"commentCount\":0,\"publisher\":{\"@id\":\"https:\/\/peracell.com\/#organization\"},\"image\":{\"@id\":\"https:\/\/peracell.com\/aglomerado-de-polietileno-reticulado-para-aislamiento-de-soleras\/#primaryimage\"},\"thumbnailUrl\":\"https:\/\/peracell.com\/wp-content\/uploads\/2025\/05\/Fotos-blog-portada-1.png\",\"keywords\":[\"featured\"],\"inLanguage\":\"pt-PT\",\"potentialAction\":[{\"@type\":\"CommentAction\",\"name\":\"Comment\",\"target\":[\"https:\/\/peracell.com\/aglomerado-de-polietileno-reticulado-para-aislamiento-de-soleras\/#respond\"]}]},{\"@type\":\"WebPage\",\"@id\":\"https:\/\/peracell.com\/aglomerado-de-polietileno-reticulado-para-aislamiento-de-soleras\/\",\"url\":\"https:\/\/peracell.com\/aglomerado-de-polietileno-reticulado-para-aislamiento-de-soleras\/\",\"name\":\"REFOPROTECT: Aglomerado de polietileno reticulado para isolamento de lajes - Peracell\",\"isPartOf\":{\"@id\":\"https:\/\/peracell.com\/#website\"},\"primaryImageOfPage\":{\"@id\":\"https:\/\/peracell.com\/aglomerado-de-polietileno-reticulado-para-aislamiento-de-soleras\/#primaryimage\"},\"image\":{\"@id\":\"https:\/\/peracell.com\/aglomerado-de-polietileno-reticulado-para-aislamiento-de-soleras\/#primaryimage\"},\"thumbnailUrl\":\"https:\/\/peracell.com\/wp-content\/uploads\/2025\/05\/Fotos-blog-portada-1.png\",\"datePublished\":\"2025-05-08T04:00:25+00:00\",\"dateModified\":\"2026-01-08T14:48:40+00:00\",\"breadcrumb\":{\"@id\":\"https:\/\/peracell.com\/aglomerado-de-polietileno-reticulado-para-aislamiento-de-soleras\/#breadcrumb\"},\"inLanguage\":\"pt-PT\",\"potentialAction\":[{\"@type\":\"ReadAction\",\"target\":[\"https:\/\/peracell.com\/aglomerado-de-polietileno-reticulado-para-aislamiento-de-soleras\/\"]}]},{\"@type\":\"ImageObject\",\"inLanguage\":\"pt-PT\",\"@id\":\"https:\/\/peracell.com\/aglomerado-de-polietileno-reticulado-para-aislamiento-de-soleras\/#primaryimage\",\"url\":\"https:\/\/peracell.com\/wp-content\/uploads\/2025\/05\/Fotos-blog-portada-1.png\",\"contentUrl\":\"https:\/\/peracell.com\/wp-content\/uploads\/2025\/05\/Fotos-blog-portada-1.png\",\"width\":2400,\"height\":1600,\"caption\":\"aislamiento espuma polietileno\"},{\"@type\":\"BreadcrumbList\",\"@id\":\"https:\/\/peracell.com\/aglomerado-de-polietileno-reticulado-para-aislamiento-de-soleras\/#breadcrumb\",\"itemListElement\":[{\"@type\":\"ListItem\",\"position\":1,\"name\":\"Portada\",\"item\":\"https:\/\/peracell.com\/\"},{\"@type\":\"ListItem\",\"position\":2,\"name\":\"REFOPROTECT: Aglomerado de polietileno reticulado para isolamento de lajes\"}]},{\"@type\":\"WebSite\",\"@id\":\"https:\/\/peracell.com\/#website\",\"url\":\"https:\/\/peracell.com\/\",\"name\":\"Peracell\",\"description\":\"Foam solutions and Adhesive tapes\",\"publisher\":{\"@id\":\"https:\/\/peracell.com\/#organization\"},\"potentialAction\":[{\"@type\":\"SearchAction\",\"target\":{\"@type\":\"EntryPoint\",\"urlTemplate\":\"https:\/\/peracell.com\/?s={search_term_string}\"},\"query-input\":{\"@type\":\"PropertyValueSpecification\",\"valueRequired\":true,\"valueName\":\"search_term_string\"}}],\"inLanguage\":\"pt-PT\"},{\"@type\":\"Organization\",\"@id\":\"https:\/\/peracell.com\/#organization\",\"name\":\"Peracell\",\"url\":\"https:\/\/peracell.com\/\",\"logo\":{\"@type\":\"ImageObject\",\"inLanguage\":\"pt-PT\",\"@id\":\"https:\/\/peracell.com\/#\/schema\/logo\/image\/\",\"url\":\"https:\/\/peracell.com\/wp-content\/uploads\/2025\/09\/isotip-peracell.png\",\"contentUrl\":\"https:\/\/peracell.com\/wp-content\/uploads\/2025\/09\/isotip-peracell.png\",\"width\":143,\"height\":143,\"caption\":\"Peracell\"},\"image\":{\"@id\":\"https:\/\/peracell.com\/#\/schema\/logo\/image\/\"}},{\"@type\":\"Person\",\"@id\":\"https:\/\/peracell.com\/#\/schema\/person\/ecbc91b01793d1b2b2319a8781fec8e9\",\"name\":\"Avantiam\",\"image\":{\"@type\":\"ImageObject\",\"inLanguage\":\"pt-PT\",\"@id\":\"https:\/\/peracell.com\/#\/schema\/person\/image\/\",\"url\":\"https:\/\/peracell.com\/wp-content\/litespeed\/avatar\/72fb663c5e54b3be5e76eaaf25b26788.jpg?ver=1787922576\",\"contentUrl\":\"https:\/\/peracell.com\/wp-content\/litespeed\/avatar\/72fb663c5e54b3be5e76eaaf25b26788.jpg?ver=1787922576\",\"caption\":\"Avantiam\"},\"sameAs\":[\"https:\/\/peracell.com\/\"],\"url\":\"https:\/\/peracell.com\/pt-pt\/author\/avantiam\/\"}]}<\/script>\n<!-- \/ Yoast SEO plugin. -->","yoast_head_json":{"title":"REFOPROTECT: Aglomerado de polietileno reticulado para isolamento de lajes - Peracell","robots":{"index":"index","follow":"follow","max-snippet":"max-snippet:-1","max-image-preview":"max-image-preview:large","max-video-preview":"max-video-preview:-1"},"canonical":"https:\/\/peracell.com\/aglomerado-de-polietileno-reticulado-para-aislamiento-de-soleras\/","og_locale":"pt_PT","og_type":"article","og_title":"REFOPROTECT: Aglomerado de polietileno reticulado para isolamento de lajes - Peracell","og_description":"REFOPROTECT: Aglomerado de polietileno reticulado para isolamento de lajes O REFOPROTECT \u00e9 um aglomerado de polietileno reticulado de c\u00e9lulas fechadas, concebido para o isolamento de lajes em projetos de constru\u00e7\u00e3o de elevada exig\u00eancia. Este material foi fornecido em tro\u00e7os construtivos dos metros de Mil\u00e3o e de Paris, onde as suas propriedades t\u00e9cnicas s\u00e3o cruciais para&hellip;","og_url":"https:\/\/peracell.com\/aglomerado-de-polietileno-reticulado-para-aislamiento-de-soleras\/","og_site_name":"Peracell","article_published_time":"2025-05-08T04:00:25+00:00","article_modified_time":"2026-01-08T14:48:40+00:00","og_image":[{"width":2400,"height":1600,"url":"https:\/\/peracell.com\/wp-content\/uploads\/2025\/05\/Fotos-blog-portada-1.png","type":"image\/png"}],"author":"Avantiam","twitter_card":"summary_large_image","twitter_misc":{"Escrito por":"Avantiam","Tempo estimado de leitura":"1 minuto"},"schema":{"@context":"https:\/\/schema.org","@graph":[{"@type":"Article","@id":"https:\/\/peracell.com\/aglomerado-de-polietileno-reticulado-para-aislamiento-de-soleras\/#article","isPartOf":{"@id":"https:\/\/peracell.com\/aglomerado-de-polietileno-reticulado-para-aislamiento-de-soleras\/"},"author":{"name":"Avantiam","@id":"https:\/\/peracell.com\/#\/schema\/person\/ecbc91b01793d1b2b2319a8781fec8e9"},"headline":"REFOPROTECT: Aglomerado de polietileno reticulado para isolamento de lajes","datePublished":"2025-05-08T04:00:25+00:00","dateModified":"2026-01-08T14:48:40+00:00","mainEntityOfPage":{"@id":"https:\/\/peracell.com\/aglomerado-de-polietileno-reticulado-para-aislamiento-de-soleras\/"},"wordCount":260,"commentCount":0,"publisher":{"@id":"https:\/\/peracell.com\/#organization"},"image":{"@id":"https:\/\/peracell.com\/aglomerado-de-polietileno-reticulado-para-aislamiento-de-soleras\/#primaryimage"},"thumbnailUrl":"https:\/\/peracell.com\/wp-content\/uploads\/2025\/05\/Fotos-blog-portada-1.png","keywords":["featured"],"inLanguage":"pt-PT","potentialAction":[{"@type":"CommentAction","name":"Comment","target":["https:\/\/peracell.com\/aglomerado-de-polietileno-reticulado-para-aislamiento-de-soleras\/#respond"]}]},{"@type":"WebPage","@id":"https:\/\/peracell.com\/aglomerado-de-polietileno-reticulado-para-aislamiento-de-soleras\/","url":"https:\/\/peracell.com\/aglomerado-de-polietileno-reticulado-para-aislamiento-de-soleras\/","name":"REFOPROTECT: Aglomerado de polietileno reticulado para isolamento de lajes - Peracell","isPartOf":{"@id":"https:\/\/peracell.com\/#website"},"primaryImageOfPage":{"@id":"https:\/\/peracell.com\/aglomerado-de-polietileno-reticulado-para-aislamiento-de-soleras\/#primaryimage"},"image":{"@id":"https:\/\/peracell.com\/aglomerado-de-polietileno-reticulado-para-aislamiento-de-soleras\/#primaryimage"},"thumbnailUrl":"https:\/\/peracell.com\/wp-content\/uploads\/2025\/05\/Fotos-blog-portada-1.png","datePublished":"2025-05-08T04:00:25+00:00","dateModified":"2026-01-08T14:48:40+00:00","breadcrumb":{"@id":"https:\/\/peracell.com\/aglomerado-de-polietileno-reticulado-para-aislamiento-de-soleras\/#breadcrumb"},"inLanguage":"pt-PT","potentialAction":[{"@type":"ReadAction","target":["https:\/\/peracell.com\/aglomerado-de-polietileno-reticulado-para-aislamiento-de-soleras\/"]}]},{"@type":"ImageObject","inLanguage":"pt-PT","@id":"https:\/\/peracell.com\/aglomerado-de-polietileno-reticulado-para-aislamiento-de-soleras\/#primaryimage","url":"https:\/\/peracell.com\/wp-content\/uploads\/2025\/05\/Fotos-blog-portada-1.png","contentUrl":"https:\/\/peracell.com\/wp-content\/uploads\/2025\/05\/Fotos-blog-portada-1.png","width":2400,"height":1600,"caption":"aislamiento espuma polietileno"},{"@type":"BreadcrumbList","@id":"https:\/\/peracell.com\/aglomerado-de-polietileno-reticulado-para-aislamiento-de-soleras\/#breadcrumb","itemListElement":[{"@type":"ListItem","position":1,"name":"Portada","item":"https:\/\/peracell.com\/"},{"@type":"ListItem","position":2,"name":"REFOPROTECT: Aglomerado de polietileno reticulado para isolamento de lajes"}]},{"@type":"WebSite","@id":"https:\/\/peracell.com\/#website","url":"https:\/\/peracell.com\/","name":"Peracell","description":"Foam solutions and Adhesive tapes","publisher":{"@id":"https:\/\/peracell.com\/#organization"},"potentialAction":[{"@type":"SearchAction","target":{"@type":"EntryPoint","urlTemplate":"https:\/\/peracell.com\/?s={search_term_string}"},"query-input":{"@type":"PropertyValueSpecification","valueRequired":true,"valueName":"search_term_string"}}],"inLanguage":"pt-PT"},{"@type":"Organization","@id":"https:\/\/peracell.com\/#organization","name":"Peracell","url":"https:\/\/peracell.com\/","logo":{"@type":"ImageObject","inLanguage":"pt-PT","@id":"https:\/\/peracell.com\/#\/schema\/logo\/image\/","url":"https:\/\/peracell.com\/wp-content\/uploads\/2025\/09\/isotip-peracell.png","contentUrl":"https:\/\/peracell.com\/wp-content\/uploads\/2025\/09\/isotip-peracell.png","width":143,"height":143,"caption":"Peracell"},"image":{"@id":"https:\/\/peracell.com\/#\/schema\/logo\/image\/"}},{"@type":"Person","@id":"https:\/\/peracell.com\/#\/schema\/person\/ecbc91b01793d1b2b2319a8781fec8e9","name":"Avantiam","image":{"@type":"ImageObject","inLanguage":"pt-PT","@id":"https:\/\/peracell.com\/#\/schema\/person\/image\/","url":"https:\/\/peracell.com\/wp-content\/litespeed\/avatar\/72fb663c5e54b3be5e76eaaf25b26788.jpg?ver=1787922576","contentUrl":"https:\/\/peracell.com\/wp-content\/litespeed\/avatar\/72fb663c5e54b3be5e76eaaf25b26788.jpg?ver=1787922576","caption":"Avantiam"},"sameAs":["https:\/\/peracell.com\/"],"url":"https:\/\/peracell.com\/pt-pt\/author\/avantiam\/"}]}},"_links":{"self":[{"href":"https:\/\/peracell.com\/pt-pt\/wp-json\/wp\/v2\/posts\/24814","targetHints":{"allow":["GET"]}}],"collection":[{"href":"https:\/\/peracell.com\/pt-pt\/wp-json\/wp\/v2\/posts"}],"about":[{"href":"https:\/\/peracell.com\/pt-pt\/wp-json\/wp\/v2\/types\/post"}],"author":[{"embeddable":true,"href":"https:\/\/peracell.com\/pt-pt\/wp-json\/wp\/v2\/users\/1"}],"replies":[{"embeddable":true,"href":"https:\/\/peracell.com\/pt-pt\/wp-json\/wp\/v2\/comments?post=24814"}],"version-history":[{"count":1,"href":"https:\/\/peracell.com\/pt-pt\/wp-json\/wp\/v2\/posts\/24814\/revisions"}],"predecessor-version":[{"id":24819,"href":"https:\/\/peracell.com\/pt-pt\/wp-json\/wp\/v2\/posts\/24814\/revisions\/24819"}],"wp:featuredmedia":[{"embeddable":true,"href":"https:\/\/peracell.com\/pt-pt\/wp-json\/wp\/v2\/media\/24889"}],"wp:attachment":[{"href":"https:\/\/peracell.com\/pt-pt\/wp-json\/wp\/v2\/media?parent=24814"}],"wp:term":[{"taxonomy":"category","embeddable":true,"href":"https:\/\/peracell.com\/pt-pt\/wp-json\/wp\/v2\/categories?post=24814"},{"taxonomy":"post_tag","embeddable":true,"href":"https:\/\/peracell.com\/pt-pt\/wp-json\/wp\/v2\/tags?post=24814"}],"curies":[{"name":"wp","href":"https:\/\/api.w.org\/{rel}","templated":true}]}}